{"id":9311,"date":"2024-09-25T23:11:51","date_gmt":"2024-09-25T21:11:51","guid":{"rendered":"https:\/\/pasaenmendoza.com\/?p=9311"},"modified":"2024-09-25T23:11:52","modified_gmt":"2024-09-25T21:11:52","slug":"pronostico-del-tiempo-en-mendoza-se-espera-la-llegada-de-viento-zonda-con-ascenso-de-temperatura","status":"publish","type":"post","link":"https:\/\/pasaenmendoza.com\/?p=9311","title":{"rendered":"Pron\u00f3stico del tiempo en Mendoza: se espera la llegada de viento Zonda con ascenso de temperatura"},"content":{"rendered":"\n<p>Un frente fr\u00edo con fuertes r\u00e1fagas de\u00a0<strong>viento Sur<\/strong>\u00a0sorprendi\u00f3 a los mendocinos durante este mi\u00e9rcoles, pero desde este jueves las condiciones mejoran con aumento de las temperaturas, seg\u00fan el\u00a0<strong>pron\u00f3stico del tiempo en Mendoza<\/strong>. Adem\u00e1s, adelantaron que entre el domingo y el lunes podr\u00eda haber\u00a0<strong>viento Zonda<\/strong>\u00a0en el llano.<\/p>\n\n\n\n<p>La meteor\u00f3loga Elizabeth Naranjo Tamayo,  expres\u00f3 que tras el paso del viento del Sur en el amanecer del\u00a0<strong>jueves\u00a0<\/strong>podr\u00edan registrarse\u00a0<strong>heladas parciales y d\u00e9biles<\/strong>\u00a0en zonas el Valle de Uco y de San Rafael.<\/p>\n\n\n\n<p>Para el\u00a0<strong>Gran Mendoza<\/strong>\u00a0se\u00f1al\u00f3 que las condiciones mejoran y las temperaturas ir\u00e1n en ascenso de<strong>\u00a06 grados<\/strong>\u00a0de m\u00ednima y\u00a0<strong>20 grados<\/strong>\u00a0de m\u00e1xima hacia la tarde.<\/p>\n\n\n\n<p>La especialista indic\u00f3 que esta tendencia se mantiene hacia el&nbsp;<strong>fin de semana&nbsp;<\/strong>con m\u00ednimas que ir\u00e1n de los&nbsp;<strong>8 a los 12 grados<\/strong>&nbsp;y m\u00e1ximas de&nbsp;<strong>26 a 31 grados<\/strong>.<\/p>\n\n\n\n<p>Pero adem\u00e1s alert\u00f3 sobre la probabilidad de&nbsp;<strong>viento Zonda<\/strong>&nbsp;que podr\u00eda registrarse entre el&nbsp;<strong>domingo&nbsp;<\/strong>y el&nbsp;<strong>lunes<\/strong>, por lo que recomend\u00f3 tomar precauciones para esos d\u00edas.<\/p>\n\n\n\n<h2 class=\"wp-block-heading\">Pron\u00f3stico del tiempo en la alta monta\u00f1a<\/h2>\n\n\n\n<p>En la&nbsp;<strong>cordillera&nbsp;<\/strong>podr\u00eda haber alguna inestabilidad leve hacia el final de este mi\u00e9rcoles, pero desde el&nbsp;<strong>jueves&nbsp;<\/strong>y hacia el fin de semana habr\u00e1&nbsp;<strong>buenas condiciones del tiempo<\/strong>&nbsp;para todos los que usan el&nbsp;<strong>paso Cristo Redentor&nbsp;<\/strong>para cruzar a Chile o a Argentina.<\/p>\n\n\n\n<p>Debido a la posibilidad de&nbsp;<strong>viento Zonda<\/strong>&nbsp;en el llano, podr\u00eda registrarse un nuevo&nbsp;<strong>temporal de nieve<\/strong>&nbsp;durante el&nbsp;<strong>lunes<\/strong>, pero las autoridades del&nbsp;<strong>t\u00fanel internacional&nbsp;<\/strong>esperan que se acerque esa fecha para ajustar los pron\u00f3sticos y analizar si afecta a la seguridad de la transitabilidad de particulares, micros y camiones.<\/p>\n\n\n\n<p>En caso que eso se confirme, es probable que decidan el cierre del\u00a0<strong>paso a Chile<\/strong>\u00a0para todo tipo de veh\u00edculos hasta que est\u00e9n dadas las condiciones. Recordaron que todav\u00eda es obligatorio la portaci\u00f3n de cadenas.<\/p>\n\n\n\n<p><strong>Fuente: www.diariouno.com.ar<\/strong><\/p>\n","protected":false},"excerpt":{"rendered":"<p>Un frente fr\u00edo con fuertes r\u00e1fagas de\u00a0viento Sur\u00a0sorprendi\u00f3 a los mendocinos durante este mi\u00e9rcoles, pero desde este jueves las condiciones mejoran con aumento de las temperaturas, seg\u00fan el\u00a0pron\u00f3stico del tiempo en Mendoza. Adem\u00e1s, adelantaron que entre el domingo y el lunes podr\u00eda haber\u00a0viento Zonda\u00a0en el llano. La meteor\u00f3loga Elizabeth Naranjo Tamayo, expres\u00f3 que tras el [&hellip;]<\/p>\n","protected":false},"author":2,"featured_media":9312,"comment_status":"open","ping_status":"open","sticky":false,"template":"","format":"standard","meta":[],"categories":[52],"tags":[],"_links":{"self":[{"href":"https:\/\/pasaenmendoza.com\/index.php?rest_route=\/wp\/v2\/posts\/9311"}],"collection":[{"href":"https:\/\/pasaenmendoza.com\/index.php?rest_route=\/wp\/v2\/posts"}],"about":[{"href":"https:\/\/pasaenmendoza.com\/index.php?rest_route=\/wp\/v2\/types\/post"}],"author":[{"embeddable":true,"href":"https:\/\/pasaenmendoza.com\/index.php?rest_route=\/wp\/v2\/users\/2"}],"replies":[{"embeddable":true,"href":"https:\/\/pasaenmendoza.com\/index.php?rest_route=%2Fwp%2Fv2%2Fcomments&post=9311"}],"version-history":[{"count":1,"href":"https:\/\/pasaenmendoza.com\/index.php?rest_route=\/wp\/v2\/posts\/9311\/revisions"}],"predecessor-version":[{"id":9313,"href":"https:\/\/pasaenmendoza.com\/index.php?rest_route=\/wp\/v2\/posts\/9311\/revisions\/9313"}],"wp:featuredmedia":[{"embeddable":true,"href":"https:\/\/pasaenmendoza.com\/index.php?rest_route=\/wp\/v2\/media\/9312"}],"wp:attachment":[{"href":"https:\/\/pasaenmendoza.com\/index.php?rest_route=%2Fwp%2Fv2%2Fmedia&parent=9311"}],"wp:term":[{"taxonomy":"category","embeddable":true,"href":"https:\/\/pasaenmendoza.com\/index.php?rest_route=%2Fwp%2Fv2%2Fcategories&post=9311"},{"taxonomy":"post_tag","embeddable":true,"href":"https:\/\/pasaenmendoza.com\/index.php?rest_route=%2Fwp%2Fv2%2Ftags&post=9311"}],"curies":[{"name":"wp","href":"https:\/\/api.w.org\/{rel}","templated":true}]}}