{"id":9314,"date":"2024-09-25T23:16:23","date_gmt":"2024-09-25T21:16:23","guid":{"rendered":"https:\/\/pasaenmendoza.com\/?p=9314"},"modified":"2024-09-25T23:16:24","modified_gmt":"2024-09-25T21:16:24","slug":"la-rectora-de-la-uncuyo-pidio-que-los-mendocinos-vayan-a-la-marcha-contra-el-veto-a-la-ley-de-universidades","status":"publish","type":"post","link":"https:\/\/pasaenmendoza.com\/?p=9314","title":{"rendered":"La rectora de la UNCuyo pidi\u00f3 que los mendocinos vayan a la marcha contra el veto a la ley de universidades"},"content":{"rendered":"\n<p>La rectora de la\u00a0<strong>UNCuyo<\/strong>, Esther Sanchez, ratific\u00f3 la convocatoria a la<strong>\u00a0marcha universitaria\u00a0<\/strong>prevista para el pr\u00f3ximo 2 de octubre. Solicit\u00f3 la participaci\u00f3n de la sociedad mendocina y adelant\u00f3 que el objetivo es frenar el veto de Javier Milei a la ley de financiamiento para las universidades.<\/p>\n\n\n\n<p>&#8220;Se decidi\u00f3 marchar hacia el Congreso de la Naci\u00f3n en la Ciudad Aut\u00f3noma de Buenos Aires; y tambi\u00e9n en cada uno de los lugares donde funcionan las universidades nacionales, para visibilizar la situaci\u00f3n presupuestaria del sistema universitario argentino&#8221;, explic\u00f3 la rectora.<\/p>\n\n\n\n<p>&#8220;Solicitamos la participaci\u00f3n nuevamente de la sociedad argentina, a la que agradecemos por su apoyo permanente. Es importante&nbsp;<strong>que no se vete la ley de financiamiento universitario<\/strong>&nbsp;y si se veta, que entonces sean nuestros representantes en el&nbsp;<strong>Congreso&nbsp;<\/strong>quienes defiendan la ley&#8221;, dijo en conferencia de prensa, al d\u00eda siguiente de la reuni\u00f3n del Consejo interuniversitario que decidi\u00f3 una nueva marcha.<\/p>\n\n\n\n<p>La anterior, la del 23 de abril,\u00a0tuvo una concurrencia masiva y en\u00a0<strong>Mendoza\u00a0<\/strong>se la catalog\u00f3 de &#8220;hist\u00f3rica&#8221;.<\/p>\n\n\n\n<h2 class=\"wp-block-heading\">El pedido de las universidades a Javier Milei<\/h2>\n\n\n\n<p>El objetivo de la<strong>\u00a0marcha universitaria<\/strong>\u00a0convocada para el mi\u00e9rcoles que viene es claro para la rectora: &#8220;Solicitarle al Presidente<strong>\u00a0que no vete la ley de financiamiento universitario\u00a0<\/strong>que se present\u00f3 para el 2024. Pero adem\u00e1s tambi\u00e9n es un llamado a los legisladores nacionales para que nos acompa\u00f1en en caso en que se decida el veto&#8221;.<\/p>\n\n\n\n<p><strong>Esther S\u00e1nchez<\/strong>&nbsp;asegur\u00f3 que desde que comenz\u00f3 la gesti\u00f3n de Javier Milei, las autoridades universitarias pidieron di\u00e1logo y que, si bien se realizaron paritarias, \u00e9stas &#8220;terminaron con una imposici\u00f3n de un porcentaje que no fue acordado&#8221;.<\/p>\n\n\n\n<p>&#8220;Seguimos solicitando el&nbsp;<strong>di\u00e1logo<\/strong>, pero tambi\u00e9n hemos llegado a un momento en el que tenemos que visibilizar cu\u00e1l es el estado de situaci\u00f3n actual&#8221;, dijo.<\/p>\n\n\n\n<h2 class=\"wp-block-heading\">La necesidad de un aumento salarial<\/h2>\n\n\n\n<p>La<strong>&nbsp;ley de financiamiento universitario<\/strong>&nbsp;que sancion\u00f3 el Congreso por mayor\u00eda es importante para las autoridades universitarias porque si bien est\u00e1 pensada para &#8220;el a\u00f1o 2024, se parte de la&nbsp;<strong>necesidad de una recomposici\u00f3n salarial&nbsp;<\/strong>desde el inicio de esta nueva gesti\u00f3n&#8221;.<\/p>\n\n\n\n<p>En ese sentido, Sanchez record\u00f3 que &#8220;los trabajadores universitarios no tuvieron un reconocimiento del ajuste inflacionario en enero, como s\u00ed lo tuvo el resto del los empleados nacionales. Y por otro lado, esta ley busca lograr una recomposici\u00f3n salarial hasta el momento de promulgaci\u00f3n de la ley y de all\u00ed en m\u00e1s ajustarlo conforme a la inflaci\u00f3n&#8221;.<\/p>\n\n\n\n<p>Lo que entienden entonces es que &#8220;reconocer la<strong>&nbsp;necesidad de ese ajuste salarial<\/strong>, obligar\u00eda a que en el presupuesto 2025 sea tambi\u00e9n considerado&#8221;.<\/p>\n\n\n\n<p>Por otra parte, dijo Sanchez, &#8220;tambi\u00e9n se plantea en la ley de financiamiento universitario la necesidad de ir ajustando bimestralmente los importes necesarios para gastos de funcionamiento&#8221;. Eso es clave para las universidades porque hasta el momento solamente se distribuye un importe total fijo en 12 meses, recibi\u00e9ndose el mismo monto cada mes, sin considerar la inflaci\u00f3n.<\/p>\n\n\n\n<p><strong>&#8220;\u00c9sta es una marcha en defensa de la educaci\u00f3n p\u00fablica y eso incluye a todos los niveles de educaci\u00f3n&#8221;.<\/strong><\/p>\n\n\n\n<p>Y cerr\u00f3 la rectora: &#8220;Es importante\u00a0<strong>que no se vete la ley de financiamiento universitario\u00a0<\/strong>y si se veta, que entonces sean nuestros representantes en el Congreso quienes defiendan la ley&#8221;.<\/p>\n\n\n\n<p><strong>Fuente: www.diariouno.com.ar<\/strong><\/p>\n","protected":false},"excerpt":{"rendered":"<p>La rectora de la\u00a0UNCuyo, Esther Sanchez, ratific\u00f3 la convocatoria a la\u00a0marcha universitaria\u00a0prevista para el pr\u00f3ximo 2 de octubre. Solicit\u00f3 la participaci\u00f3n de la sociedad mendocina y adelant\u00f3 que el objetivo es frenar el veto de Javier Milei a la ley de financiamiento para las universidades. &#8220;Se decidi\u00f3 marchar hacia el Congreso de la Naci\u00f3n en [&hellip;]<\/p>\n","protected":false},"author":2,"featured_media":9315,"comment_status":"open","ping_status":"open","sticky":false,"template":"","format":"standard","meta":[],"categories":[56],"tags":[],"_links":{"self":[{"href":"https:\/\/pasaenmendoza.com\/index.php?rest_route=\/wp\/v2\/posts\/9314"}],"collection":[{"href":"https:\/\/pasaenmendoza.com\/index.php?rest_route=\/wp\/v2\/posts"}],"about":[{"href":"https:\/\/pasaenmendoza.com\/index.php?rest_route=\/wp\/v2\/types\/post"}],"author":[{"embeddable":true,"href":"https:\/\/pasaenmendoza.com\/index.php?rest_route=\/wp\/v2\/users\/2"}],"replies":[{"embeddable":true,"href":"https:\/\/pasaenmendoza.com\/index.php?rest_route=%2Fwp%2Fv2%2Fcomments&post=9314"}],"version-history":[{"count":1,"href":"https:\/\/pasaenmendoza.com\/index.php?rest_route=\/wp\/v2\/posts\/9314\/revisions"}],"predecessor-version":[{"id":9316,"href":"https:\/\/pasaenmendoza.com\/index.php?rest_route=\/wp\/v2\/posts\/9314\/revisions\/9316"}],"wp:featuredmedia":[{"embeddable":true,"href":"https:\/\/pasaenmendoza.com\/index.php?rest_route=\/wp\/v2\/media\/9315"}],"wp:attachment":[{"href":"https:\/\/pasaenmendoza.com\/index.php?rest_route=%2Fwp%2Fv2%2Fmedia&parent=9314"}],"wp:term":[{"taxonomy":"category","embeddable":true,"href":"https:\/\/pasaenmendoza.com\/index.php?rest_route=%2Fwp%2Fv2%2Fcategories&post=9314"},{"taxonomy":"post_tag","embeddable":true,"href":"https:\/\/pasaenmendoza.com\/index.php?rest_route=%2Fwp%2Fv2%2Ftags&post=9314"}],"curies":[{"name":"wp","href":"https:\/\/api.w.org\/{rel}","templated":true}]}}