{"id":9323,"date":"2024-09-27T00:04:46","date_gmt":"2024-09-26T22:04:46","guid":{"rendered":"https:\/\/pasaenmendoza.com\/?p=9323"},"modified":"2024-09-27T00:04:47","modified_gmt":"2024-09-26T22:04:47","slug":"contingencias-climaticas-anticipo-que-las-heladas-habrian-afectado-entre-el-10-y-el-15-de-la-produccion","status":"publish","type":"post","link":"https:\/\/pasaenmendoza.com\/?p=9323","title":{"rendered":"Contingencias clim\u00e1ticas anticip\u00f3 que las heladas habr\u00edan afectado entre el 10% y el 15% de la producci\u00f3n"},"content":{"rendered":"\n<p><strong>Gabriel Rizzato<\/strong>, de Contingencias Clim\u00e1ticas, estim\u00f3 que &#8220;entre el 10% y el 15% de la producci\u00f3n podr\u00eda quedar afectada&#8221; por las primeras\u00a0<strong>heladas<\/strong>\u00a0tard\u00edas de la temporada. El Ministerio de Producci\u00f3n de Rodolfo Vargas Arizu inform\u00f3 que se har\u00e1 un seguimiento del impacto en el\u00a0<strong>Valle de Uco<\/strong>\u00a0y parte de General Alvear y San Rafael.<\/p>\n\n\n\n<p>Contingencias Clim\u00e1ticas adelant\u00f3 que&nbsp;<strong>se podr\u00e1 denunciar desde el 17 de octubre<\/strong>, para activar la compensaci\u00f3n del&nbsp;<strong>seguro agr\u00edcola<\/strong>.<\/p>\n\n\n\n<p>Productores del\u00a0<strong>Valle de Uco<\/strong>\u00a0activaron las defensas activas y pasivas para mitigar los efectos pero igual se mostraron preocupados. Tambi\u00e9n manifest\u00f3 el ingeniero agr\u00f3nomo\u00a0<strong>Ricardo Garc\u00eda<\/strong>, quien asegur\u00f3 que la helada &#8220;estuvo muy jorobada y fue muy larga&#8221;.<\/p>\n\n\n\n<p>Si bien el&nbsp;<strong>Ministerio consider\u00f3 que se trat\u00f3 de una &#8220;helada normal y parcial&#8221;<\/strong>, la preocupaci\u00f3n de los productores pasa porque empez\u00f3 a la medianoche y se extendi\u00f3 hasta la salida del sol. &#8220;<strong>Fue una helada demasiado larga<\/strong>&nbsp;y eso es muy complicado para los frutales&#8221;, lament\u00f3 Garc\u00eda.<\/p>\n\n\n\n<h2 class=\"wp-block-heading\">La defensa de las heladas y los efectos a largo plazo<\/h2>\n\n\n\n<p>&#8220;Hemos tenido temperaturas bajas, fundamentalmente en el&nbsp;<strong>Valle de Uco<\/strong>, y en algunas zonas de los departamentos de General Alvear y San Rafael. El resto de la provincia no ha registrado ninguna helada significativa y se trata de una&nbsp;<strong>helada normal, parcial<\/strong>, dentro de esta \u00e9poca del a\u00f1o para la provincia&#8221;, resaltaron desde Producci\u00f3n.<\/p>\n\n\n\n<p>Las&nbsp;<strong>temperaturas&nbsp;<\/strong>pasaron la barrera de los&nbsp;<strong>-5 grados<\/strong>&nbsp;durante la noche. Seg\u00fan los registros de las estaciones meteorol\u00f3gicas en Villa Atuel hubo -5,7 y en La Consulta -5,6. Esas fueron las dos localidades con menores temperaturas en Mendoza.<\/p>\n\n\n\n<p>El ojo est\u00e1 puesto principalmente en cultivos de&nbsp;<strong>carozo<\/strong>&nbsp;como las cerezas que &#8220;est\u00e1n reci\u00e9n cuajadas&#8221;, explic\u00f3 el ingeniero agr\u00f3nomo Garc\u00eda.<\/p>\n\n\n\n<p>Ante esto, el Ministerio anticip\u00f3 que &#8220;despu\u00e9s del 15 de octubre se comenzar\u00e1 con la habilitaci\u00f3n para la toma de denuncias. Vamos a aguardar 20 d\u00edas para que los cultivos expresen los da\u00f1os sufridos por esta contingencia&#8221;.<\/p>\n\n\n\n<p>Garc\u00eda, productor e ingeniero, explic\u00f3 sobre los posibles efectos de las heladas que &#8220;el yemario tiene dos yemas, una primaria y secundaria&#8221; y que, en general, el da\u00f1o importante se da en la primera pero la secundaria luego brota con &#8220;menos fertilidad y la producci\u00f3n es menor&#8221;. Entonces, los reales efectos de las heladas tard\u00edas se ven reci\u00e9n en la b\u00e1scula, es decir, al momento de pesar el racimo.<\/p>\n\n\n\n<p>Para contrarestar los efectos de la helada de anoche, los productores hicieron tanto una defensa activa como pasiva. &#8220;Es caro afrontar una noche de defensa, pero han dado bien los programas tanto con el agua&#8221; como con los quemadores. De todas maneras, Garc\u00eda insisti\u00f3 en que se trat\u00f3 de una helada importante y de ah\u00ed la preocupaci\u00f3n.<\/p>\n\n\n\n<h2 class=\"wp-block-heading\">Denuncias por las heladas tard\u00edas en Mendoza<\/h2>\n\n\n\n<p>Desde el Ministerio de Producci\u00f3n se va a monitorear la situaci\u00f3n para definir d\u00f3nde realmente corresponde recibir dichas denuncias. &#8220;El mecanismo de denuncias ser\u00e1 el habitual y normal para el fondo compensador agr\u00edcola&#8221;, resaltaron.<\/p>\n\n\n\n<p>Para realizar las denuncias por los da\u00f1os ocasionados por la helada, los productores deben estar inscriptos en el RUT-SIA y su inscripci\u00f3n debe estar aceptada. El tr\u00e1mite se realiza ingresando al sitio (www.sia.mendoza.gov.ar) luego se debe verificar si el distrito donde est\u00e1 establecimiento se encuentra habilitado, seleccionar el tipo de da\u00f1o, y declarar los datos de la persona que recibir\u00e1 el perito tasador.<\/p>\n\n\n\n<p>La Ley 9.083 establece un periodo de 20 d\u00edas corridos, contados a partir del d\u00eda posterior a la fecha del siniestro para habilitar la toma de denuncias, luego queda establecido un plazo de 10 d\u00edas h\u00e1biles para tomar las denuncias. En el caso de la helada de este jueves 26 de septiembre, se establecen 20 d\u00edas corridos a partir del 27\/9, y la toma de denuncias se habilitar\u00e1 desde el 17\/10 hasta el 30\/10.<\/p>\n\n\n\n<p>Para la mayor informaci\u00f3n desde la DCC invitan a visitar el portal web\u00a0https:\/\/www.mendoza.gov.ar\/contingencias\/<\/p>\n\n\n\n<p><strong>Fuente: www.diariouno.com.ar<\/strong><\/p>\n","protected":false},"excerpt":{"rendered":"<p>Gabriel Rizzato, de Contingencias Clim\u00e1ticas, estim\u00f3 que &#8220;entre el 10% y el 15% de la producci\u00f3n podr\u00eda quedar afectada&#8221; por las primeras\u00a0heladas\u00a0tard\u00edas de la temporada. El Ministerio de Producci\u00f3n de Rodolfo Vargas Arizu inform\u00f3 que se har\u00e1 un seguimiento del impacto en el\u00a0Valle de Uco\u00a0y parte de General Alvear y San Rafael. Contingencias Clim\u00e1ticas adelant\u00f3 [&hellip;]<\/p>\n","protected":false},"author":2,"featured_media":9324,"comment_status":"open","ping_status":"open","sticky":false,"template":"","format":"standard","meta":[],"categories":[50],"tags":[],"_links":{"self":[{"href":"https:\/\/pasaenmendoza.com\/index.php?rest_route=\/wp\/v2\/posts\/9323"}],"collection":[{"href":"https:\/\/pasaenmendoza.com\/index.php?rest_route=\/wp\/v2\/posts"}],"about":[{"href":"https:\/\/pasaenmendoza.com\/index.php?rest_route=\/wp\/v2\/types\/post"}],"author":[{"embeddable":true,"href":"https:\/\/pasaenmendoza.com\/index.php?rest_route=\/wp\/v2\/users\/2"}],"replies":[{"embeddable":true,"href":"https:\/\/pasaenmendoza.com\/index.php?rest_route=%2Fwp%2Fv2%2Fcomments&post=9323"}],"version-history":[{"count":1,"href":"https:\/\/pasaenmendoza.com\/index.php?rest_route=\/wp\/v2\/posts\/9323\/revisions"}],"predecessor-version":[{"id":9325,"href":"https:\/\/pasaenmendoza.com\/index.php?rest_route=\/wp\/v2\/posts\/9323\/revisions\/9325"}],"wp:featuredmedia":[{"embeddable":true,"href":"https:\/\/pasaenmendoza.com\/index.php?rest_route=\/wp\/v2\/media\/9324"}],"wp:attachment":[{"href":"https:\/\/pasaenmendoza.com\/index.php?rest_route=%2Fwp%2Fv2%2Fmedia&parent=9323"}],"wp:term":[{"taxonomy":"category","embeddable":true,"href":"https:\/\/pasaenmendoza.com\/index.php?rest_route=%2Fwp%2Fv2%2Fcategories&post=9323"},{"taxonomy":"post_tag","embeddable":true,"href":"https:\/\/pasaenmendoza.com\/index.php?rest_route=%2Fwp%2Fv2%2Ftags&post=9323"}],"curies":[{"name":"wp","href":"https:\/\/api.w.org\/{rel}","templated":true}]}}