{"id":9326,"date":"2024-09-27T00:08:16","date_gmt":"2024-09-26T22:08:16","guid":{"rendered":"https:\/\/pasaenmendoza.com\/?p=9326"},"modified":"2024-09-27T00:08:18","modified_gmt":"2024-09-26T22:08:18","slug":"confirmaron-el-cambio-de-sede-de-la-fiesta-de-la-cerveza-donde-se-celebrara-este-ano","status":"publish","type":"post","link":"https:\/\/pasaenmendoza.com\/?p=9326","title":{"rendered":"Confirmaron el cambio de sede de la Fiesta de la Cerveza: \u00bfd\u00f3nde se celebrar\u00e1 este a\u00f1o?"},"content":{"rendered":"\n<p>La&nbsp;<strong>Fiesta Provincial de la Cerveza<\/strong>&nbsp;se trasladar\u00e1 este a\u00f1o al&nbsp;<strong>Hip\u00f3dromo de Mendoza<\/strong>, ubicado en&nbsp;<strong>Villa del Parque<\/strong>. La decisi\u00f3n de la&nbsp;<strong>Municipalidad de Godoy Cruz&nbsp;<\/strong>rompe con la tradici\u00f3n del&nbsp;<strong>Parque Benegas<\/strong>&nbsp;y significar\u00e1 un cambio de escenario despu\u00e9s de&nbsp;<strong>7 a\u00f1os<\/strong>.&nbsp;<\/p>\n\n\n\n<p>El acuerdo se cerr\u00f3 este jueves, durante una reuni\u00f3n entre el Gobierno provincial y la comuna godoicruce\u00f1a, de la que participaron\u00a0<strong>Ida L\u00f3pez<\/strong>, presidenta del\u00a0<strong>Instituto de Juegos y Casinos<\/strong>; el intendente\u00a0<strong>Diego Costarelli<\/strong>\u00a0y el secretario de Gobierno y Participaci\u00f3n Ciudadana\u00a0<strong>Alejandro Zlotolow<\/strong>.<\/p>\n\n\n\n<p>Con el cambio de sede, desde el municipio aseguraron que se buscar\u00e1n mejorar la accesibilidad al aumentar la cantidad de ingresos. Esto sumado a que habr\u00e1 estacionamiento privado, para mayor m\u00e1s comodidad y capacidad y un incremento en el sistema de seguridad.<\/p>\n\n\n\n<p><em>\u201cEste a\u00f1o la calidad de la fiesta ser\u00e1 superadora y se debe gracias a la alianza con el sector privado. Es por ello que vamos a tener en Godoy Cruz un nivel de calidad internacional. Por lo que este evento va a tener un\u00a0 importante aporte a la econom\u00eda productiva y va a generar trabajo. Como as\u00ed tambi\u00e9n van haber muchos empleos de forma directa e indirecta\u201d<\/em>, sentenci\u00f3\u00a0<strong>Costarelli<\/strong>.<\/p>\n\n\n\n<p>El evento tendr\u00e1 lugar entre el&nbsp;<strong>5 y el 8 de diciembre<\/strong>. Adem\u00e1s, contar\u00e1 con la actuaci\u00f3n estelar de&nbsp;<strong>Mar\u00eda Becerra<\/strong>&nbsp;en la \u00faltima noche.<\/p>\n\n\n\n<h2 class=\"wp-block-heading\" id=\"h-como-adquirir-las-entradas\">\u00bfC\u00f3mo adquirir las entradas?<\/h2>\n\n\n\n<p>Los tickets para todas las noches de la\u00a0<strong>Fiesta Provincial de la Cerveza<\/strong>\u00a0ya est\u00e1n a la venta y se pueden adquirir en hasta\u00a0<strong>3 cuotas sin inter\u00e9s\u00a0<\/strong>a trav\u00e9s de\u00a0www.showstickets.ar.<\/p>\n\n\n\n<p>Para la noche del jueves 5, habr\u00e1 un cupo limitado a\u00a0<strong>$10.000<\/strong>. En tanto, la venta general para cada una de las otras jornadas tendr\u00e1 un valor de\u00a0<strong>$25.000<\/strong>.<\/p>\n\n\n\n<p>Adem\u00e1s, tambi\u00e9n habr\u00e1 sector VIP, en el que el precio de las entradas asciende a\u00a0<strong>$45.000<\/strong>.<\/p>\n\n\n\n<p><strong>Fuente: www.elsol.com.ar<\/strong><\/p>\n","protected":false},"excerpt":{"rendered":"<p>La&nbsp;Fiesta Provincial de la Cerveza&nbsp;se trasladar\u00e1 este a\u00f1o al&nbsp;Hip\u00f3dromo de Mendoza, ubicado en&nbsp;Villa del Parque. La decisi\u00f3n de la&nbsp;Municipalidad de Godoy Cruz&nbsp;rompe con la tradici\u00f3n del&nbsp;Parque Benegas&nbsp;y significar\u00e1 un cambio de escenario despu\u00e9s de&nbsp;7 a\u00f1os.&nbsp; El acuerdo se cerr\u00f3 este jueves, durante una reuni\u00f3n entre el Gobierno provincial y la comuna godoicruce\u00f1a, de la que [&hellip;]<\/p>\n","protected":false},"author":2,"featured_media":9327,"comment_status":"open","ping_status":"open","sticky":false,"template":"","format":"standard","meta":[],"categories":[50],"tags":[],"_links":{"self":[{"href":"https:\/\/pasaenmendoza.com\/index.php?rest_route=\/wp\/v2\/posts\/9326"}],"collection":[{"href":"https:\/\/pasaenmendoza.com\/index.php?rest_route=\/wp\/v2\/posts"}],"about":[{"href":"https:\/\/pasaenmendoza.com\/index.php?rest_route=\/wp\/v2\/types\/post"}],"author":[{"embeddable":true,"href":"https:\/\/pasaenmendoza.com\/index.php?rest_route=\/wp\/v2\/users\/2"}],"replies":[{"embeddable":true,"href":"https:\/\/pasaenmendoza.com\/index.php?rest_route=%2Fwp%2Fv2%2Fcomments&post=9326"}],"version-history":[{"count":1,"href":"https:\/\/pasaenmendoza.com\/index.php?rest_route=\/wp\/v2\/posts\/9326\/revisions"}],"predecessor-version":[{"id":9328,"href":"https:\/\/pasaenmendoza.com\/index.php?rest_route=\/wp\/v2\/posts\/9326\/revisions\/9328"}],"wp:featuredmedia":[{"embeddable":true,"href":"https:\/\/pasaenmendoza.com\/index.php?rest_route=\/wp\/v2\/media\/9327"}],"wp:attachment":[{"href":"https:\/\/pasaenmendoza.com\/index.php?rest_route=%2Fwp%2Fv2%2Fmedia&parent=9326"}],"wp:term":[{"taxonomy":"category","embeddable":true,"href":"https:\/\/pasaenmendoza.com\/index.php?rest_route=%2Fwp%2Fv2%2Fcategories&post=9326"},{"taxonomy":"post_tag","embeddable":true,"href":"https:\/\/pasaenmendoza.com\/index.php?rest_route=%2Fwp%2Fv2%2Ftags&post=9326"}],"curies":[{"name":"wp","href":"https:\/\/api.w.org\/{rel}","templated":true}]}}