{"id":9329,"date":"2024-09-27T00:10:47","date_gmt":"2024-09-26T22:10:47","guid":{"rendered":"https:\/\/pasaenmendoza.com\/?p=9329"},"modified":"2024-09-27T00:10:48","modified_gmt":"2024-09-26T22:10:48","slug":"temblo-muy-cerca-del-embalse-el-carrizal-y-alcanzo-a-percibirse-en-todo-el-gran-mendoza","status":"publish","type":"post","link":"https:\/\/pasaenmendoza.com\/?p=9329","title":{"rendered":"Tembl\u00f3 muy cerca del embalse El Carrizal y alcanz\u00f3 a percibirse en todo el Gran Mendoza"},"content":{"rendered":"\n<p>El\u00a0<strong>Instituto Nacional de Prevenci\u00f3n S\u00edsmica (INPRES)\u00a0<\/strong>inform\u00f3 que un nuevo movimiento tel\u00farico se produjo este jueves en el\u00a0<strong>Valle de Uco<\/strong>, y se sinti\u00f3 con cierta intensidad en varias zonas de\u00a0<strong>Mendoza<\/strong>, sobre todo en la regi\u00f3n metropolitana y central.<\/p>\n\n\n\n<p>El\u00a0<strong>sismo\u00a0<\/strong>se registr\u00f3 a las\u00a0<strong>4.57\u00a0<\/strong>y fue de<strong>\u00a03<\/strong>\u00a0<strong>grados<\/strong>. El epicentro se ubic\u00f3 muy cerca del embalse\u00a0<strong>El Carrizal.<\/strong>\u00a0El temblor fue a una profundidad de\u00a0<strong>93<\/strong>\u00a0<strong>kil\u00f3metros<\/strong>, raz\u00f3n por la cual se alcanz\u00f3 a percibir en varios sectores del Gran Mendoza.\u00a0<\/p>\n\n\n\n<p>Este sismo se suma a otros que se registraron en Mendoza en los \u00faltimos d\u00edas, y ocasionaron cierta alarma en la poblaci\u00f3n.<\/p>\n\n\n\n<h3 class=\"wp-block-heading\"><strong>Respuesta y vigilancia s\u00edsmica<\/strong><\/h3>\n\n\n\n<p>Las autoridades locales y el<strong>&nbsp;INPRES<\/strong>&nbsp;han estado vigilantes ante la actividad s\u00edsmica en la regi\u00f3n. A pesar de que este sismo en particular no gener\u00f3 da\u00f1os significativos debido a su baja magnitud, su ubicaci\u00f3n cercana a centros poblados y la frecuencia de los eventos s\u00edsmicos en la regi\u00f3n sur de Argentina han llevado a un seguimiento constante por parte de las autoridades.<\/p>\n\n\n\n<p>Es importante destacar que Argentina se encuentra en una regi\u00f3n s\u00edsmicamente activa debido a la convergencia de placas tect\u00f3nicas, lo que hace que los sismos sean una realidad recurrente. Las instituciones como el<strong>\u00a0INPRES<\/strong>\u00a0desempe\u00f1an un papel fundamental en la monitorizaci\u00f3n y el an\u00e1lisis de estos eventos para garantizar la seguridad de la poblaci\u00f3n y la infraestructura.<\/p>\n\n\n\n<p><strong>Fuente: www.diariomendoza.com.ar<\/strong><\/p>\n","protected":false},"excerpt":{"rendered":"<p>El\u00a0Instituto Nacional de Prevenci\u00f3n S\u00edsmica (INPRES)\u00a0inform\u00f3 que un nuevo movimiento tel\u00farico se produjo este jueves en el\u00a0Valle de Uco, y se sinti\u00f3 con cierta intensidad en varias zonas de\u00a0Mendoza, sobre todo en la regi\u00f3n metropolitana y central. El\u00a0sismo\u00a0se registr\u00f3 a las\u00a04.57\u00a0y fue de\u00a03\u00a0grados. El epicentro se ubic\u00f3 muy cerca del embalse\u00a0El Carrizal.\u00a0El temblor fue a [&hellip;]<\/p>\n","protected":false},"author":2,"featured_media":9330,"comment_status":"open","ping_status":"open","sticky":false,"template":"","format":"standard","meta":[],"categories":[63],"tags":[],"_links":{"self":[{"href":"https:\/\/pasaenmendoza.com\/index.php?rest_route=\/wp\/v2\/posts\/9329"}],"collection":[{"href":"https:\/\/pasaenmendoza.com\/index.php?rest_route=\/wp\/v2\/posts"}],"about":[{"href":"https:\/\/pasaenmendoza.com\/index.php?rest_route=\/wp\/v2\/types\/post"}],"author":[{"embeddable":true,"href":"https:\/\/pasaenmendoza.com\/index.php?rest_route=\/wp\/v2\/users\/2"}],"replies":[{"embeddable":true,"href":"https:\/\/pasaenmendoza.com\/index.php?rest_route=%2Fwp%2Fv2%2Fcomments&post=9329"}],"version-history":[{"count":1,"href":"https:\/\/pasaenmendoza.com\/index.php?rest_route=\/wp\/v2\/posts\/9329\/revisions"}],"predecessor-version":[{"id":9331,"href":"https:\/\/pasaenmendoza.com\/index.php?rest_route=\/wp\/v2\/posts\/9329\/revisions\/9331"}],"wp:featuredmedia":[{"embeddable":true,"href":"https:\/\/pasaenmendoza.com\/index.php?rest_route=\/wp\/v2\/media\/9330"}],"wp:attachment":[{"href":"https:\/\/pasaenmendoza.com\/index.php?rest_route=%2Fwp%2Fv2%2Fmedia&parent=9329"}],"wp:term":[{"taxonomy":"category","embeddable":true,"href":"https:\/\/pasaenmendoza.com\/index.php?rest_route=%2Fwp%2Fv2%2Fcategories&post=9329"},{"taxonomy":"post_tag","embeddable":true,"href":"https:\/\/pasaenmendoza.com\/index.php?rest_route=%2Fwp%2Fv2%2Ftags&post=9329"}],"curies":[{"name":"wp","href":"https:\/\/api.w.org\/{rel}","templated":true}]}}