{"id":9332,"date":"2024-09-27T16:18:28","date_gmt":"2024-09-27T14:18:28","guid":{"rendered":"https:\/\/pasaenmendoza.com\/?p=9332"},"modified":"2024-09-27T16:18:30","modified_gmt":"2024-09-27T14:18:30","slug":"ulpiano-suarez-decidio-unificar-los-colores-de-toldos-y-sombrillas-de-bares-y-restaurantes-en-ciudad","status":"publish","type":"post","link":"https:\/\/pasaenmendoza.com\/?p=9332","title":{"rendered":"Ulpiano Suarez decidi\u00f3 unificar los colores de toldos y sombrillas de bares y restaurantes en Ciudad"},"content":{"rendered":"\n<p>Una propuesta del intendente\u00a0<strong>Ulpiano Suarez<\/strong>\u00a0fue aprobada por el Concejo Deliberante de la Ciudad de Mendoza y se reglament\u00f3 de este modo un\u00a0<strong>nuevo ordenamiento<\/strong>\u00a0para la colocaci\u00f3n de mesas y sillas de bares y restaurantes en las veredas de Capital. A los comerciantes que deban adecuarse a esta normativa se les otorgar\u00e1n\u00a0<strong>cr\u00e9ditos fiscales<\/strong>\u00a0de hasta $500.000.<\/p>\n\n\n\n<p>La ordenanza municipal N\u00ba 4.189 establece tambi\u00e9n el modo de disposici\u00f3n de&nbsp;<strong>decks y corralitos<\/strong>&nbsp;que suelen tener los locales gastron\u00f3micos de Ciudad, departamento que mayor cantidad de comercios de este rubro concentra. En total, y seg\u00fan c\u00e1lculos del municipio, en la Ciudad de Mendoza&nbsp;<strong>hay 1.221 bar<\/strong><strong>es, caf\u00e9s y restaurantes&nbsp;<\/strong>en funcionamiento y plausibles de incluir en esta disposici\u00f3n urbana y comercial.<\/p>\n\n\n\n<p>De hecho, un relevamiento de\u00a0<strong>AEHGA (Asociaci\u00f3n Empresaria Hotelero Gastron\u00f3mica y Afines de Mendoza)<\/strong>\u00a0concluy\u00f3 que el 32% de este tipo de comercios de la provincia se ubican en Ciudad.<\/p>\n\n\n\n<h2 class=\"wp-block-heading\">Medidas para afrontar el cambio clim\u00e1tico<\/h2>\n\n\n\n<p>A trav\u00e9s de la Secretar\u00eda de Ambiente y Desarrollo Urbano del municipio, el intendente Suarez busc\u00f3 reformular la normativa vigente, considerando&nbsp;<strong>el gran crecimiento de la actividad gastron\u00f3mica<\/strong>&nbsp;y con ello la ocupaci\u00f3n del espacio p\u00fablico con mesas y sillas, decks y corralitos sobre las veredas p\u00fablicas.<\/p>\n\n\n\n<p>Tambi\u00e9n se propuso dise\u00f1ar estrategias de&nbsp;<strong>armonizaci\u00f3n del paisaje<\/strong>, esto es por ejemplo estimular la utilizaci\u00f3n de&nbsp;<strong>colores claros<\/strong>&nbsp;para toldos que unifique la imagen citadina pero a su vez propicie una mejor climatizaci\u00f3n en los t\u00f3rridos veranos que se esperan. Son parte de las decisiones a las que obliga el&nbsp;<strong>cambio clim\u00e1tico<\/strong>&nbsp;y que contribuyen a que el calor no se quede en el casco urbano durante los meses de calor.<\/p>\n\n\n\n<p>Asimismo, se detalla el\u00a0<strong>modo y tipo de luminarias<\/strong>\u00a0que podr\u00e1n instalar los comerciantes de ahora en m\u00e1s, siempre refiri\u00e9ndose al exterior del local que comprende la vereda, o sea, el espacio p\u00fablico al aire libre.<\/p>\n\n\n\n<h2 class=\"wp-block-heading\">Ulpiano Suarez dar\u00e1 hasta $500.000 a comercios que deban adecuarse<\/h2>\n\n\n\n<p>&#8220;El sector gastron\u00f3mico est\u00e1 en crecimiento constante y por eso requiere de ciertos lineamientos para&nbsp;<strong>asegurar un buen uso del espacio p\u00fablico<\/strong>&#8220;, argument\u00f3 Sebasti\u00e1n Fermani, secretario de Ambiente y Desarrollo Humano de la Capital.<\/p>\n\n\n\n<p>Y afirm\u00f3 que la nueva ordenanza municipal &#8220;busca justamente que ese acceso al espacio p\u00fablico sea para todos, y garantizar las&nbsp;<strong>condiciones de seguridad&nbsp;<\/strong>no solamente para quienes est\u00e1n transitando el espacio p\u00fablico sino tambi\u00e9n para quienes consumen al aire libre en bares, caf\u00e9s o restaurantes de la Ciudad, condiciones que le permitan, por ejemplo, en caso de un incendio, que los bomberos puedan acceder f\u00e1cilmente&#8221;.<\/p>\n\n\n\n<p>Este plan de reordenamiento de la infraestructura urbana de la Municipalidad de la Ciudad de Mendoza contempla\u00a0<strong>cr\u00e9ditos fiscales de hasta $500.000<\/strong>\u00a0para los comerciantes que deban adecuar sus locales a esta normativa, adem\u00e1s del asesoramiento t\u00e9cnico. Los locales que se encuentren en infracci\u00f3n a esta normativa vigente tendr\u00e1n un plazo hasta diciembre para presentar su plan de adecuaci\u00f3n. Luego\u00a0<strong>tendr\u00e1n un a\u00f1o para ejecutar sus obras<\/strong>\u00a0y adaptar sus comercios a esta reglamentaci\u00f3n.<\/p>\n\n\n\n<p>De acuerdo al ancho de las veredas es la franja lineal que se establece para el&nbsp;<strong>uso de colocaci\u00f3n de mesas y sillas<\/strong>, as\u00ed como mobiliario tipo macetas o elementos decorativos. Las veredas de hasta 5 metros&nbsp;<strong>deber\u00e1n dejar 2 como m\u00ednimo para la circulaci\u00f3n peatonal<\/strong>; las que van de 5 a 7 metros tendr\u00e1n que contemplar 2,50 metros libres para el peat\u00f3n; y las veredas de m\u00e1s de 7 metros pueden dejar libre 3 metros para transitar. Y&nbsp;<strong>entre las sillas tiene que haber un espacio m\u00ednimo de 0.50 cent\u00edmetros<\/strong>, adem\u00e1s de no utilizar por lo menos 0.60 cent\u00edmetros perimetrales al local para dar lugar a la franja de circulaci\u00f3n.<\/p>\n\n\n\n<p>En cuanto a locales que utilizan\u00a0<strong>calzadas en paradas de micros<\/strong>, estaciones autom\u00e1ticas de retiro de bicicletas o cualquier otro equipamiento de acceso p\u00fablico, deber\u00e1n respetar un retiro m\u00ednimo de un metro.<\/p>\n\n\n\n<h2 class=\"wp-block-heading\">Comercios con toldos de colores claros y corralitos m\u00f3viles<\/h2>\n\n\n\n<p>Otro aspecto que se destaca en el anexo de la ordenanza es el&nbsp;<strong>tipo y hasta color de los toldos<\/strong>&nbsp;que se utilizan en los bares y restaurantes del centro mendocino.<\/p>\n\n\n\n<p>La reglamentaci\u00f3n dice que a partir de ahora los comercios deber\u00e1n contemplar&nbsp;<strong>colores claros<\/strong>&nbsp;para sus toldos o sombrillas y para la delimitaci\u00f3n del espacio de ubicaci\u00f3n de mesas y sillas, con el fin de&nbsp;<strong>evitar una mayor liberaci\u00f3n de temperatura<\/strong>&nbsp;en vistas a veranos cada vez m\u00e1s calientes que se pronostican. Esto es el uso de&nbsp;<strong>color blanco o beige<\/strong>&nbsp;para sus telas o lonas. &#8220;Aparte le damos una homogeneizaci\u00f3n al paisaje urbano&#8221;, aport\u00f3 Sebasti\u00e1n Fermani.<\/p>\n\n\n\n<p><strong>Para los corralitos o cercos perimetrales se establece tambi\u00e9n usar estructuras m\u00f3viles\u00a0<\/strong>y tambi\u00e9n de determinados colores. Entonces, los canteros o macetas de hierro, PVC o cualquier material resistente a la intemperie que se disponen en la vereda, as\u00ed como barandas, deber\u00e1n ser de color negro, gris, blanco o beige, seg\u00fan dispone la ordenanza. Y exige para las macetas o canteros &#8220;contener\u00a0<strong>especies arbustivas naturales perennes<\/strong>&#8221; y no superar 1.20 metros de altura por un metro de ancho.<\/p>\n\n\n\n<p>Otro punto que especifica la normativa tiene que ver con la colocaci\u00f3n de estructuras para recubrir acequias, como son los decks, en locales comerciales asociados al uso gastron\u00f3mico.&nbsp;<strong>Los decks deber\u00e1n ser desmontables<\/strong>&nbsp;y respetar las medidas establecidas en el C\u00f3digo Urbano y Edificaci\u00f3n para rejillas de acceso a la limpieza de acequias.<\/p>\n\n\n\n<p>Estas estructuras puestas sobre las acequias, aclara la ordenanza, &#8220;no deber\u00e1n producir<strong>\u00a0diferencias de nivel\u00a0<\/strong>respecto de la vereda&#8221;, y advierte tambi\u00e9n que &#8220;queda prohibido montar estructuras sobre la vereda&#8221;.<\/p>\n\n\n\n<h2 class=\"wp-block-heading\">La luminaria de bares y restaurantes tambi\u00e9n est\u00e1 regulada<\/h2>\n\n\n\n<p>Otra nueva disposici\u00f3n municipal tiene que ver con las luminarias de bares y restaurantes en sus veredas.&nbsp;<strong>La potencia de la l\u00e1mpara no podr\u00e1 superar los 7W<\/strong>&nbsp;(en forma individual) y su funcionamiento no podr\u00e1 ser titilante o tipo flash, ni se permitir\u00e1 l\u00e1mpara de color, &#8220;solo podr\u00e1 utilizar 3000\u00b0K (luz c\u00e1lida) de temperatura de color en las l\u00e1mparas&#8221;, destaca el anexo.<\/p>\n\n\n\n<p>Y establece que&nbsp;<strong>las guirnaldas de luces<\/strong>&nbsp;deber\u00e1n ubicarse a una altura m\u00ednima de 3 metros en las zonas de circulaci\u00f3n obligatoria y de 2.10 metros en la zona habilitada para ocupaci\u00f3n de mesas y sillas. No se permitir\u00e1 la instalaci\u00f3n de&nbsp;<strong>artefactos que emitan luminosidad hacia arriba<\/strong>, debiendo siempre alumbrar hacia el sector de mesas y sillas.<\/p>\n\n\n\n<p>En cuanto al\u00a0<strong>paseo Alameda<\/strong>\u00a0y calle Remedios de Escalada en vereda Este, desde C\u00f3rdoba hasta Ayacucho, zona del Distrito Fundacional que est\u00e1 desarrollando esta gesti\u00f3n de Ulpiano Suarez, el municipio autorizar\u00e1 el sector para mesas y sillas de acuerdo a cada local gastron\u00f3mico, caf\u00e9 o bar en particular. Tambi\u00e9n hay un apartado con la\u00a0<strong>reglamentaci\u00f3n especial de la colocaci\u00f3n de mesas y sillas en el paseo Peatonal Sarmiento<\/strong>.<\/p>\n\n\n\n<p>&#8220;Le estamos dando atenci\u00f3n a toda la ciudad, no es que hacemos foco en alg\u00fan sector en particular, pero s\u00ed&nbsp;<strong>vemos ejes comerciales como la avenida Sarmiento, la Juan B. Justo, la Ar\u00edstides, que son tradicionales<\/strong>, que hay situaciones que cumplen y otras situaciones que no cumplen&#8221;, reconoci\u00f3 el secretario de Ambiente y Desarrollo Urbano de la Ciudad de Mendoza.<\/p>\n\n\n\n<p>Y remarc\u00f3 que &#8220;un buen ordenamiento de la actividad tiene la posibilidad de ayudar en su crecimiento econ\u00f3mico, porque posibilita un orden y eso conlleva a\u00a0<strong>una mejor experiencia para el mendocino y para el turista<\/strong>; en definitiva, esto viene a sumar para el desarrollo del sector gastron\u00f3mico&#8221;.<\/p>\n\n\n\n<p><strong>Fuente: www.diariouno.com.ar<\/strong><\/p>\n\n\n\n<p><\/p>\n","protected":false},"excerpt":{"rendered":"<p>Una propuesta del intendente\u00a0Ulpiano Suarez\u00a0fue aprobada por el Concejo Deliberante de la Ciudad de Mendoza y se reglament\u00f3 de este modo un\u00a0nuevo ordenamiento\u00a0para la colocaci\u00f3n de mesas y sillas de bares y restaurantes en las veredas de Capital. A los comerciantes que deban adecuarse a esta normativa se les otorgar\u00e1n\u00a0cr\u00e9ditos fiscales\u00a0de hasta $500.000. La ordenanza [&hellip;]<\/p>\n","protected":false},"author":2,"featured_media":9333,"comment_status":"open","ping_status":"open","sticky":false,"template":"","format":"standard","meta":[],"categories":[112],"tags":[],"_links":{"self":[{"href":"https:\/\/pasaenmendoza.com\/index.php?rest_route=\/wp\/v2\/posts\/9332"}],"collection":[{"href":"https:\/\/pasaenmendoza.com\/index.php?rest_route=\/wp\/v2\/posts"}],"about":[{"href":"https:\/\/pasaenmendoza.com\/index.php?rest_route=\/wp\/v2\/types\/post"}],"author":[{"embeddable":true,"href":"https:\/\/pasaenmendoza.com\/index.php?rest_route=\/wp\/v2\/users\/2"}],"replies":[{"embeddable":true,"href":"https:\/\/pasaenmendoza.com\/index.php?rest_route=%2Fwp%2Fv2%2Fcomments&post=9332"}],"version-history":[{"count":1,"href":"https:\/\/pasaenmendoza.com\/index.php?rest_route=\/wp\/v2\/posts\/9332\/revisions"}],"predecessor-version":[{"id":9334,"href":"https:\/\/pasaenmendoza.com\/index.php?rest_route=\/wp\/v2\/posts\/9332\/revisions\/9334"}],"wp:featuredmedia":[{"embeddable":true,"href":"https:\/\/pasaenmendoza.com\/index.php?rest_route=\/wp\/v2\/media\/9333"}],"wp:attachment":[{"href":"https:\/\/pasaenmendoza.com\/index.php?rest_route=%2Fwp%2Fv2%2Fmedia&parent=9332"}],"wp:term":[{"taxonomy":"category","embeddable":true,"href":"https:\/\/pasaenmendoza.com\/index.php?rest_route=%2Fwp%2Fv2%2Fcategories&post=9332"},{"taxonomy":"post_tag","embeddable":true,"href":"https:\/\/pasaenmendoza.com\/index.php?rest_route=%2Fwp%2Fv2%2Ftags&post=9332"}],"curies":[{"name":"wp","href":"https:\/\/api.w.org\/{rel}","templated":true}]}}