{"id":9335,"date":"2024-09-27T16:24:30","date_gmt":"2024-09-27T14:24:30","guid":{"rendered":"https:\/\/pasaenmendoza.com\/?p=9335"},"modified":"2024-09-27T16:24:32","modified_gmt":"2024-09-27T14:24:32","slug":"el-pronostico-del-tiempo-en-mendoza-anticipo-un-viernes-agradable-el-viento-zonda-bajaria-el-domingo","status":"publish","type":"post","link":"https:\/\/pasaenmendoza.com\/?p=9335","title":{"rendered":"El pron\u00f3stico del tiempo en Mendoza anticip\u00f3 un viernes agradable, el viento Zonda bajar\u00eda el domingo"},"content":{"rendered":"\n<p>El\u00a0<strong>pron\u00f3stico del tiempo en Mendoza<\/strong>\u00a0anticip\u00f3 un viernes t\u00edpico de primavera, con posibles\u00a0<strong>heladas\u00a0<\/strong>en zonas productivas y ascenso de la temperatura. Estas condiciones se mantendr\u00e1n durante el fin de semana y se aproxima la probabilidad de\u00a0<strong>viento Zonda<\/strong>\u00a0para el domingo y lunes. Tambi\u00e9n podr\u00eda haber un nuevo temporal en la\u00a0<strong>alta monta\u00f1a<\/strong>.<\/p>\n\n\n\n<p>La meteor\u00f3loga\u00a0<strong>Elizabeth Naranjo Tamayo<\/strong>\u00a0se\u00f1al\u00f3 que durante la madrugada y el amanecer de este\u00a0<strong>viernes\u00a0<\/strong>podr\u00edan repetirse\u00a0<strong>heladas\u00a0<\/strong>en zonas del\u00a0<strong>Valle de Uco, San Rafael y General Alvear<\/strong>, pero ser\u00edan de menor intensidad a las registradas el jueves.<\/p>\n\n\n\n<p>Esto se debe a que comenz\u00f3 un ascenso de las temperaturas que har\u00e1 que en el<strong>\u00a0Gran Mendoza\u00a0<\/strong>la m\u00ednima sea de<strong>\u00a09 grados<\/strong>\u00a0y la m\u00e1xima de\u00a0<strong>26 grados<\/strong>. Durante el d\u00eda se espera algo de nubosidad y viento moderado del Noroeste.<\/p>\n\n\n\n<p>Para el&nbsp;<strong>s\u00e1bado&nbsp;<\/strong>sigue el aumento de la temperatura y se esperan&nbsp;<strong>11 grados<\/strong>&nbsp;de m\u00ednima y&nbsp;<strong>26 grados&nbsp;<\/strong>de m\u00e1xima. En cambio el&nbsp;<strong>domingo&nbsp;<\/strong>se espera que la m\u00ednima se mantenga en&nbsp;<strong>11 grados<\/strong>, pero la m\u00e1xima puede trepar a los&nbsp;<strong>31 grados<\/strong>.<\/p>\n\n\n\n<p>La especialista detall\u00f3 que existe una posible ocurrencia de&nbsp;<strong>viento Zonda&nbsp;<\/strong>entre en la&nbsp;<strong>noche del domingo y el lunes<\/strong>, por lo que recomend\u00f3 a los mendocinos estar preparados<\/p>\n\n\n\n<h2 class=\"wp-block-heading\">Pron\u00f3stico del tiempo en la alta monta\u00f1a<\/h2>\n\n\n\n<p>Luego de tres d\u00edas de&nbsp;<strong>nevadas&nbsp;<\/strong>que afectaron la ruta 7 y dejaron intransitable el&nbsp;<strong>Paso Cristo Redentor<\/strong>, la estabilidad volvi\u00f3 a la cordillera donde el cielo se mantiene con poca nubosidad.<\/p>\n\n\n\n<p>El\u00a0<strong>Servicio Meteorol\u00f3gico Nacional<\/strong>\u00a0indic\u00f3 que para la tarde y noche del viernes se espera una jornada ventosa. Anticip\u00f3 que el lunes podr\u00eda acercarse otro frente acompa\u00f1ado de\u00a0<strong>inestabilidad\u00a0<\/strong>y fuertes r\u00e1fagas de viento, como consecuencia del\u00a0<strong>viento Zonda<\/strong>\u00a0que podr\u00eda soplar en el llano.<\/p>\n\n\n\n<figure class=\"wp-block-image\"><img decoding=\"async\" src=\"https:\/\/media.diariouno.com.ar\/p\/1bc20d9a115802e5fb3cfd8bc617f4fb\/adjuntos\/298\/imagenes\/009\/413\/0009413561\/1200x0\/smart\/pronostico-del-tiempo-alta-montanajpg.jpg\" alt=\"El pron\u00f3stico del tiempo en Mendoza en el Paso Cristo Redentor seg\u00fan Servicio Meteorol\u00f3gico Nacional.\" title=\"El pron\u00f3stico del tiempo en Mendoza en el Paso Cristo Redentor seg\u00fan Servicio Meteorol\u00f3gico Nacional.\"\/><\/figure>\n\n\n\n<p>El pron\u00f3stico del tiempo en Mendoza en el Paso Cristo Redentor seg\u00fan Servicio Meteorol\u00f3gico Nacional.<\/p>\n\n\n\n<p>En caso de darse este pron\u00f3stico, las autoridades del<strong>\u00a0Paso Cristo Redentor<\/strong>\u00a0decidir\u00e1n si las condiciones para el tr\u00e1nsito de camiones, micros y particulares es seguro o no para definir si es necesario el\u00a0<strong>cierre del t\u00fanel internacional<\/strong>.<\/p>\n\n\n\n<p><strong>Fuente: www.diariouno.com.ar<\/strong><\/p>\n","protected":false},"excerpt":{"rendered":"<p>El\u00a0pron\u00f3stico del tiempo en Mendoza\u00a0anticip\u00f3 un viernes t\u00edpico de primavera, con posibles\u00a0heladas\u00a0en zonas productivas y ascenso de la temperatura. Estas condiciones se mantendr\u00e1n durante el fin de semana y se aproxima la probabilidad de\u00a0viento Zonda\u00a0para el domingo y lunes. Tambi\u00e9n podr\u00eda haber un nuevo temporal en la\u00a0alta monta\u00f1a. La meteor\u00f3loga\u00a0Elizabeth Naranjo Tamayo\u00a0se\u00f1al\u00f3 que durante la [&hellip;]<\/p>\n","protected":false},"author":2,"featured_media":9336,"comment_status":"open","ping_status":"open","sticky":false,"template":"","format":"standard","meta":[],"categories":[52],"tags":[],"_links":{"self":[{"href":"https:\/\/pasaenmendoza.com\/index.php?rest_route=\/wp\/v2\/posts\/9335"}],"collection":[{"href":"https:\/\/pasaenmendoza.com\/index.php?rest_route=\/wp\/v2\/posts"}],"about":[{"href":"https:\/\/pasaenmendoza.com\/index.php?rest_route=\/wp\/v2\/types\/post"}],"author":[{"embeddable":true,"href":"https:\/\/pasaenmendoza.com\/index.php?rest_route=\/wp\/v2\/users\/2"}],"replies":[{"embeddable":true,"href":"https:\/\/pasaenmendoza.com\/index.php?rest_route=%2Fwp%2Fv2%2Fcomments&post=9335"}],"version-history":[{"count":1,"href":"https:\/\/pasaenmendoza.com\/index.php?rest_route=\/wp\/v2\/posts\/9335\/revisions"}],"predecessor-version":[{"id":9337,"href":"https:\/\/pasaenmendoza.com\/index.php?rest_route=\/wp\/v2\/posts\/9335\/revisions\/9337"}],"wp:featuredmedia":[{"embeddable":true,"href":"https:\/\/pasaenmendoza.com\/index.php?rest_route=\/wp\/v2\/media\/9336"}],"wp:attachment":[{"href":"https:\/\/pasaenmendoza.com\/index.php?rest_route=%2Fwp%2Fv2%2Fmedia&parent=9335"}],"wp:term":[{"taxonomy":"category","embeddable":true,"href":"https:\/\/pasaenmendoza.com\/index.php?rest_route=%2Fwp%2Fv2%2Fcategories&post=9335"},{"taxonomy":"post_tag","embeddable":true,"href":"https:\/\/pasaenmendoza.com\/index.php?rest_route=%2Fwp%2Fv2%2Ftags&post=9335"}],"curies":[{"name":"wp","href":"https:\/\/api.w.org\/{rel}","templated":true}]}}