{"id":9338,"date":"2024-09-27T16:35:49","date_gmt":"2024-09-27T14:35:49","guid":{"rendered":"https:\/\/pasaenmendoza.com\/?p=9338"},"modified":"2024-09-27T16:35:51","modified_gmt":"2024-09-27T14:35:51","slug":"la-revision-tecnica-vehicular-en-mendoza-aumento-un-30","status":"publish","type":"post","link":"https:\/\/pasaenmendoza.com\/?p=9338","title":{"rendered":"La Revisi\u00f3n T\u00e9cnica Vehicular en Mendoza aument\u00f3 un 30%"},"content":{"rendered":"\n<p>La Direcci\u00f3n de la Unidad Ejecutiva de\u00a0<strong>Seguridad Vial de Mendoza<\/strong>\u00a0inform\u00f3 un aumento en los precios para la\u00a0<strong>Revisi\u00f3n T\u00e9cnica Obligatoria (RTO)<\/strong>\u00a0que deber\u00e1n abonar los usuarios a partir del\u00a0<strong>1 de octubre de 2024<\/strong>. El ajuste, que ronda el 30%, fue solicitado por la C\u00e1mara de Revisi\u00f3n T\u00e9cnica Obligatoria Cuyana (CA.R.T.O.CU.) en respuesta a la depreciaci\u00f3n de la moneda y el aumento de costos operativos.<\/p>\n\n\n\n<p>La resoluci\u00f3n -publicada en el&nbsp;<strong>Bolet\u00edn Oficial<\/strong>&nbsp;este 27 de septiembre- se\u00f1ala que los valores actuales se encuentran desactualizados en comparaci\u00f3n con otras provincias y que era necesario recalcular.<\/p>\n\n\n\n<p>El incremento afectar\u00e1 a\u00a0<strong>motos, autos, camionetas y camiones<\/strong>, con los siguientes nuevos valores establecidos en Unidades Fijas (U.F.):<\/p>\n\n\n\n<p>Motos hasta 300 cc: 75 U.F. m\u00e1s IVA. Pas\u00f3 de $8.700 a $11.525.<\/p>\n\n\n\n<p>Motos de m\u00e1s de 300 cc: 137 U.F. m\u00e1s IVA. Pas\u00f3 de $16.100 a $21.000<\/p>\n\n\n\n<p>Autos: 202 U.F. m\u00e1s IVA. Pas\u00f3 de $23.000 a $31.000.<\/p>\n\n\n\n<p>Camionetas: 222 U.F. m\u00e1s IVA. Pas\u00f3 de $25.000 a $34.000.<\/p>\n\n\n\n<p>Camiones: 275 U.F. m\u00e1s IVA. Pas\u00f3 de $32.000 a $42.000.<\/p>\n\n\n\n<p>La\u00a0<strong>actualizaci\u00f3n de precios<\/strong>\u00a0est\u00e1 prevista en la normativa vigente, que establece la revisi\u00f3n de los montos de manera peri\u00f3dica en funci\u00f3n de las condiciones econ\u00f3micas.<\/p>\n\n\n\n<p>El director de la Unidad Ejecutiva de Seguridad Vial,<strong>\u00a0Rub\u00e9n Orlando Corval\u00e1n<\/strong>, destac\u00f3 que la medida busca mantener el equilibrio financiero de las empresas que prestan el servicio, asegurando que los centros de revisi\u00f3n puedan continuar operando con normalidad.<\/p>\n\n\n\n<p><strong>Fuente: www.diariouno.com.ar<\/strong><\/p>\n","protected":false},"excerpt":{"rendered":"<p>La Direcci\u00f3n de la Unidad Ejecutiva de\u00a0Seguridad Vial de Mendoza\u00a0inform\u00f3 un aumento en los precios para la\u00a0Revisi\u00f3n T\u00e9cnica Obligatoria (RTO)\u00a0que deber\u00e1n abonar los usuarios a partir del\u00a01 de octubre de 2024. El ajuste, que ronda el 30%, fue solicitado por la C\u00e1mara de Revisi\u00f3n T\u00e9cnica Obligatoria Cuyana (CA.R.T.O.CU.) en respuesta a la depreciaci\u00f3n de la [&hellip;]<\/p>\n","protected":false},"author":2,"featured_media":9339,"comment_status":"open","ping_status":"open","sticky":false,"template":"","format":"standard","meta":[],"categories":[79],"tags":[],"_links":{"self":[{"href":"https:\/\/pasaenmendoza.com\/index.php?rest_route=\/wp\/v2\/posts\/9338"}],"collection":[{"href":"https:\/\/pasaenmendoza.com\/index.php?rest_route=\/wp\/v2\/posts"}],"about":[{"href":"https:\/\/pasaenmendoza.com\/index.php?rest_route=\/wp\/v2\/types\/post"}],"author":[{"embeddable":true,"href":"https:\/\/pasaenmendoza.com\/index.php?rest_route=\/wp\/v2\/users\/2"}],"replies":[{"embeddable":true,"href":"https:\/\/pasaenmendoza.com\/index.php?rest_route=%2Fwp%2Fv2%2Fcomments&post=9338"}],"version-history":[{"count":1,"href":"https:\/\/pasaenmendoza.com\/index.php?rest_route=\/wp\/v2\/posts\/9338\/revisions"}],"predecessor-version":[{"id":9340,"href":"https:\/\/pasaenmendoza.com\/index.php?rest_route=\/wp\/v2\/posts\/9338\/revisions\/9340"}],"wp:featuredmedia":[{"embeddable":true,"href":"https:\/\/pasaenmendoza.com\/index.php?rest_route=\/wp\/v2\/media\/9339"}],"wp:attachment":[{"href":"https:\/\/pasaenmendoza.com\/index.php?rest_route=%2Fwp%2Fv2%2Fmedia&parent=9338"}],"wp:term":[{"taxonomy":"category","embeddable":true,"href":"https:\/\/pasaenmendoza.com\/index.php?rest_route=%2Fwp%2Fv2%2Fcategories&post=9338"},{"taxonomy":"post_tag","embeddable":true,"href":"https:\/\/pasaenmendoza.com\/index.php?rest_route=%2Fwp%2Fv2%2Ftags&post=9338"}],"curies":[{"name":"wp","href":"https:\/\/api.w.org\/{rel}","templated":true}]}}