{"id":934,"date":"2023-08-25T14:05:50","date_gmt":"2023-08-25T12:05:50","guid":{"rendered":"https:\/\/pasaenmendoza.com\/?p=934"},"modified":"2023-08-25T14:05:51","modified_gmt":"2023-08-25T12:05:51","slug":"como-sigue-el-proyecto-de-el-baqueano-que-ya-cuenta-con-aval-legislativo","status":"publish","type":"post","link":"https:\/\/pasaenmendoza.com\/?p=934","title":{"rendered":"C\u00f3mo sigue el proyecto de El Baqueano, que ya cuenta con aval legislativo"},"content":{"rendered":"\n<p>A falta de la promulgaci\u00f3n del proyecto, desde el Ejecutivo provincial comenz\u00f3 la conformaci\u00f3n del proceso licitatorio.<\/p>\n\n\n\n<p>Ya con respaldo de la Legislatura provincial, la presa hidroel\u00e9ctrica<strong>&nbsp;El Baqueano<\/strong>&nbsp;cuenta con el marco legal y en el Gobierno se aprestan a comenzar los procesos de licitaci\u00f3n para que empresas constructoras y de servicios se presenten para llevar adelante la construcci\u00f3n de la obra sobre el r\u00edo Diamante en San Rafael.<\/p>\n\n\n\n<p>En una primera instancia, el poder Ejecutivo tiene 10 d\u00edas h\u00e1biles para promulgar la ley. Una vez reglamentada, desde el\u00a0<strong>Ministerio de Econom\u00eda\u00a0<\/strong>explicaron que se comenzar\u00e1 una etapa previa de licitaci\u00f3n para que las empresas interesadas presenten una serie de requisitos, para pasar a la parte final de las licitaciones. Entre ellos, demostrar a la Provincia que tienen capacidad financiera para hacerse cargo de un proyecto cuyo presupuesto es de m\u00e1s de 500 millones de d\u00f3lares.<\/p>\n\n\n\n<p>\u201c<em>Ac\u00e1 se ponen los pliegos a disposici\u00f3n de los interesados donde tienen que cumplir con ciertos requisitos. El primer paso ser\u00eda que las empresas cumplan con la capacidad financiera para poder pasar a la fase de licitaci\u00f3n. Ese lapso puede durar entre 45 o 60 d\u00edas<\/em>\u201d, se\u00f1alaron desde la cartera econ\u00f3mica.<\/p>\n\n\n\n<p>Una vez realizado el primer filtro, se abrir\u00e1 el proceso de licitaci\u00f3n que tendr\u00e1 una duraci\u00f3n de 6 meses. En otras palabras, la obra ya se iniciar\u00e1 con el pr\u00f3ximo gobierno provincial.<\/p>\n\n\n\n<p>Respecto a las fechas, desde el Ejecutivo provincial aseguraron que hay un cronograma con los plazos de cada etapa de construcci\u00f3n, pero que puede ir modific\u00e1ndose, ya que est\u00e1n sujetas a permisos de organismos nacionales.<\/p>\n\n\n\n<p>Por otro lado, la Provincia y la Naci\u00f3n deber\u00e1n firmar el contrato que le permitir\u00e1 a Mendoza vender la energ\u00eda que El Baqueano producir\u00e1 durante un lapso de 15 a\u00f1os.<\/p>\n\n\n\n<p>En este punto, aseguraron que este convenio lo est\u00e1n trabajando con la Secretar\u00eda de Energ\u00eda de la Naci\u00f3n<em>. \u201cEs importante este contrato porque te garantiza tener un v\u00ednculo legal y jur\u00eddico en el que te asegura ir cobrando los 1.230 millones de d\u00f3lares que se producir\u00e1n durante los 15 a\u00f1os acordados<\/em>\u201d, detallaron desde el \u00e1rea encabezada por\u00a0<strong>Enrique Vaqui\u00e9<\/strong>.<\/p>\n\n\n\n<p>En otro orden, se autoriz\u00f3 al Ejecutivo o a la sociedad que se constituya a contratar directamente a IMPSA SA para la provisi\u00f3n del componente electromec\u00e1nico necesario para la construcci\u00f3n del proyecto. Es decir, la construcci\u00f3n de las turbinas, la especialidad de la empresa metalmec\u00e1nica que fue rescatada por Naci\u00f3n y Provincia.<\/p>\n\n\n\n<p>Para otorgar la titularidad de las concesiones, autorizaciones y permisos previstos, se constituir\u00e1 una sociedad an\u00f3nima unipersonal de prop\u00f3sito espec\u00edfico que tendr\u00e1 como objetivo licitar, construir, operar y mantener el proyecto hidroel\u00e9ctrico cuyo \u00fanico accionista deber\u00e1 ser Empresa Mendocina de Energ\u00eda SA&nbsp;(EMESA).<\/p>\n\n\n\n<p>La inversi\u00f3n destinada para la construcci\u00f3n del embalse y central hidroel\u00e9ctrica del complejo multiprop\u00f3sito&nbsp;<strong>El Baqueano<\/strong>&nbsp;ser\u00e1 de 525 millones de d\u00f3lares. Los fondos provienen de los que estaban destinados para la obra de Portezuelo del Viento, que Naci\u00f3n deposita seg\u00fan un cronograma estipulado.<\/p>\n\n\n\n<p>El Baqueano se ubicar\u00e1 sobre r\u00edo Diamante y se estipula que generar\u00e1 de 800 puestos de trabajos directos y 1.500 de manera indirecta. Adem\u00e1s, la obra aumentar\u00e1 15% la capacidad de embalse del complejo del r\u00edo, aportar\u00e1 120 MW de potencia, para generar 450 GWh al a\u00f1o y abastecer de energ\u00eda a aproximadamente 60.000 hogares.<\/p>\n\n\n\n<p>FUENTE: Elsol.com.ar<\/p>\n","protected":false},"excerpt":{"rendered":"<p>A falta de la promulgaci\u00f3n del proyecto, desde el Ejecutivo provincial comenz\u00f3 la conformaci\u00f3n del proceso licitatorio. Ya con respaldo de la Legislatura provincial, la presa hidroel\u00e9ctrica&nbsp;El Baqueano&nbsp;cuenta con el marco legal y en el Gobierno se aprestan a comenzar los procesos de licitaci\u00f3n para que empresas constructoras y de servicios se presenten para llevar [&hellip;]<\/p>\n","protected":false},"author":2,"featured_media":935,"comment_status":"open","ping_status":"open","sticky":true,"template":"","format":"standard","meta":[],"categories":[47],"tags":[],"_links":{"self":[{"href":"https:\/\/pasaenmendoza.com\/index.php?rest_route=\/wp\/v2\/posts\/934"}],"collection":[{"href":"https:\/\/pasaenmendoza.com\/index.php?rest_route=\/wp\/v2\/posts"}],"about":[{"href":"https:\/\/pasaenmendoza.com\/index.php?rest_route=\/wp\/v2\/types\/post"}],"author":[{"embeddable":true,"href":"https:\/\/pasaenmendoza.com\/index.php?rest_route=\/wp\/v2\/users\/2"}],"replies":[{"embeddable":true,"href":"https:\/\/pasaenmendoza.com\/index.php?rest_route=%2Fwp%2Fv2%2Fcomments&post=934"}],"version-history":[{"count":1,"href":"https:\/\/pasaenmendoza.com\/index.php?rest_route=\/wp\/v2\/posts\/934\/revisions"}],"predecessor-version":[{"id":936,"href":"https:\/\/pasaenmendoza.com\/index.php?rest_route=\/wp\/v2\/posts\/934\/revisions\/936"}],"wp:featuredmedia":[{"embeddable":true,"href":"https:\/\/pasaenmendoza.com\/index.php?rest_route=\/wp\/v2\/media\/935"}],"wp:attachment":[{"href":"https:\/\/pasaenmendoza.com\/index.php?rest_route=%2Fwp%2Fv2%2Fmedia&parent=934"}],"wp:term":[{"taxonomy":"category","embeddable":true,"href":"https:\/\/pasaenmendoza.com\/index.php?rest_route=%2Fwp%2Fv2%2Fcategories&post=934"},{"taxonomy":"post_tag","embeddable":true,"href":"https:\/\/pasaenmendoza.com\/index.php?rest_route=%2Fwp%2Fv2%2Ftags&post=934"}],"curies":[{"name":"wp","href":"https:\/\/api.w.org\/{rel}","templated":true}]}}