{"id":9356,"date":"2024-10-01T00:21:55","date_gmt":"2024-09-30T22:21:55","guid":{"rendered":"https:\/\/pasaenmendoza.com\/?p=9356"},"modified":"2024-10-01T00:21:56","modified_gmt":"2024-09-30T22:21:56","slug":"sigue-el-viento-zonda-en-mendoza-suspendieron-las-clases-en-los-turnos-vespertino-y-nocturno","status":"publish","type":"post","link":"https:\/\/pasaenmendoza.com\/?p=9356","title":{"rendered":"Sigue el viento Zonda en Mendoza: suspendieron las clases en los turnos vespertino y nocturno"},"content":{"rendered":"\n<p>La&nbsp;<strong>Direcci\u00f3n General de Escuelas<\/strong>&nbsp;(DGE) resolvi\u00f3 este lunes la&nbsp;<strong>suspensi\u00f3n de clases<\/strong>&nbsp;presenciales en los turnos&nbsp;<strong>vespertino y nocturno<\/strong>&nbsp;de toda la provincia, debido a<strong>&nbsp;la continuidad del Zonda<\/strong>. La decisi\u00f3n se basa siguiendo las recomendaciones de Defensa Civil y debido a los registros meteorol\u00f3gicos que indican fuertes r\u00e1fagas del viento en gran parte del territorio.<\/p>\n\n\n\n<p>La<strong>\u00a0actividad escolar\u00a0<\/strong>deber\u00e1 desarrollarse de manera virtual a trav\u00e9s de la plataforma educativa\u00a0<strong>Escuela Digital Mendoza<\/strong>.<\/p>\n\n\n\n<p>Desde el\u00a0<strong>Servicio Meteorol\u00f3gico Nacional\u00a0<\/strong>(SMN) informaron que esperan que las r\u00e1fagas pueden ser de\u00a0<strong>hasta 70 km\/h\u00a0<\/strong>durante la tarde.<\/p>\n\n\n\n<p>Con respecto a este\u00a0<strong>martes<\/strong>\u00a0se prev\u00e9\u00a0<em>\u201ccielo algo nublado con descenso de la temperatura, vientos moderados del sector sur. Nevadas en cordillera\u201d.\u00a0<\/em><strong>La m\u00ednima ser\u00e1 de 14 grados y la m\u00e1xima de 22.<\/strong><\/p>\n\n\n\n<p><strong>Fuente: www.elsol.com.ar<\/strong><\/p>\n","protected":false},"excerpt":{"rendered":"<p>La&nbsp;Direcci\u00f3n General de Escuelas&nbsp;(DGE) resolvi\u00f3 este lunes la&nbsp;suspensi\u00f3n de clases&nbsp;presenciales en los turnos&nbsp;vespertino y nocturno&nbsp;de toda la provincia, debido a&nbsp;la continuidad del Zonda. La decisi\u00f3n se basa siguiendo las recomendaciones de Defensa Civil y debido a los registros meteorol\u00f3gicos que indican fuertes r\u00e1fagas del viento en gran parte del territorio. La\u00a0actividad escolar\u00a0deber\u00e1 desarrollarse de manera [&hellip;]<\/p>\n","protected":false},"author":2,"featured_media":9357,"comment_status":"open","ping_status":"open","sticky":false,"template":"","format":"standard","meta":[],"categories":[52],"tags":[],"_links":{"self":[{"href":"https:\/\/pasaenmendoza.com\/index.php?rest_route=\/wp\/v2\/posts\/9356"}],"collection":[{"href":"https:\/\/pasaenmendoza.com\/index.php?rest_route=\/wp\/v2\/posts"}],"about":[{"href":"https:\/\/pasaenmendoza.com\/index.php?rest_route=\/wp\/v2\/types\/post"}],"author":[{"embeddable":true,"href":"https:\/\/pasaenmendoza.com\/index.php?rest_route=\/wp\/v2\/users\/2"}],"replies":[{"embeddable":true,"href":"https:\/\/pasaenmendoza.com\/index.php?rest_route=%2Fwp%2Fv2%2Fcomments&post=9356"}],"version-history":[{"count":1,"href":"https:\/\/pasaenmendoza.com\/index.php?rest_route=\/wp\/v2\/posts\/9356\/revisions"}],"predecessor-version":[{"id":9358,"href":"https:\/\/pasaenmendoza.com\/index.php?rest_route=\/wp\/v2\/posts\/9356\/revisions\/9358"}],"wp:featuredmedia":[{"embeddable":true,"href":"https:\/\/pasaenmendoza.com\/index.php?rest_route=\/wp\/v2\/media\/9357"}],"wp:attachment":[{"href":"https:\/\/pasaenmendoza.com\/index.php?rest_route=%2Fwp%2Fv2%2Fmedia&parent=9356"}],"wp:term":[{"taxonomy":"category","embeddable":true,"href":"https:\/\/pasaenmendoza.com\/index.php?rest_route=%2Fwp%2Fv2%2Fcategories&post=9356"},{"taxonomy":"post_tag","embeddable":true,"href":"https:\/\/pasaenmendoza.com\/index.php?rest_route=%2Fwp%2Fv2%2Ftags&post=9356"}],"curies":[{"name":"wp","href":"https:\/\/api.w.org\/{rel}","templated":true}]}}