{"id":9359,"date":"2024-10-01T00:42:01","date_gmt":"2024-09-30T22:42:01","guid":{"rendered":"https:\/\/pasaenmendoza.com\/?p=9359"},"modified":"2024-10-01T00:42:02","modified_gmt":"2024-09-30T22:42:02","slug":"los-comerciantes-de-capital-se-sumaron-al-sistema-de-camaras-de-la-policia-de-mendoza","status":"publish","type":"post","link":"https:\/\/pasaenmendoza.com\/?p=9359","title":{"rendered":"Los comerciantes de Capital se sumaron al sistema de c\u00e1maras de la Polic\u00eda de Mendoza"},"content":{"rendered":"\n<p>La ministra de Seguridad y Justicia,&nbsp;<strong>Mercedes Rus<\/strong>, firm\u00f3 este lunes un&nbsp;<strong>convenio<\/strong>&nbsp;con el presidente de la C\u00e1mara Empresaria, Comercio, Industria, Turismo y Servicios de la Ciudad de Mendoza (CECITyS),&nbsp;<strong>Adri\u00e1n Alin<\/strong>, mediante el cual las&nbsp;<strong>c\u00e1maras privadas&nbsp;<\/strong>de los comercios de la&nbsp;<strong>Capital<\/strong>&nbsp;se integrar\u00e1n al sistema de videovigilancia provincial. Este acuerdo se suma a otros firmados previamente con la Asociaci\u00f3n de Empresarios de Rodr\u00edguez Pe\u00f1a (Aderpe), el Centro Comercial Palmares y la C\u00e1mara de Comercio, Industria y Agropecuaria de San Rafael.<\/p>\n\n\n\n<p>En el acto estuvieron presentes Santiago Laugero, presidente de la Federaci\u00f3n Econ\u00f3mica de Mendoza; Mauricio Pinti Clop, director general de Desarrollo Productivo; Marcelo Calipo, director general de Polic\u00edas; Oscar Ag\u00fcero, jefe policial del distrito I, y Mario Riili, jefe policial departamental de Ciudad.<\/p>\n\n\n\n<p>Mercedes Rus destac\u00f3 que este acuerdo refuerza la colaboraci\u00f3n entre los sectores p\u00fablico y privado, en el marco de la Ley de Videovigilancia, y resalt\u00f3 el avance tecnol\u00f3gico que representa para la seguridad provincial. \u201cEs una firma m\u00e1s dentro de la nueva Ley de Videovigilancia. Ya hemos firmado con otros sectores privados, como la C\u00e1mara de Comercio de San Rafael, y hoy con la C\u00e1mara de Comercio de Ciudad de Mendoza\u201d, explic\u00f3 la ministra.<\/p>\n\n\n\n<p>Rus subray\u00f3 que estos convenios permiten dotar a la polic\u00eda de herramientas valiosas para mejorar el control y la prevenci\u00f3n del delito. \u201cEs un avance importante en este c\u00edrculo virtuoso de colaboraci\u00f3n p\u00fablico-privada. Seguimos actualiz\u00e1ndonos en tecnolog\u00eda para ser m\u00e1s eficientes en la producci\u00f3n de seguridad\u201d, a\u00f1adi\u00f3 tras detallar que \u201ceste tipo de colaboraciones refuerzan la seguridad tecnol\u00f3gica y colocando a Mendoza a la vanguardia en el pa\u00eds\u201d.<\/p>\n\n\n\n<h3 class=\"wp-block-heading\"><strong>\u201cEs un compromiso que debemos asumir todos\u201d<\/strong><\/h3>\n\n\n\n<p>En tanto, Adri\u00e1n Alin destac\u00f3 la importancia del convenio y la responsabilidad que implica para el sector empresarial. \u201cPara nosotros es fundamental acceder a este tipo de acuerdo con el Ministerio de Seguridad. Es un compromiso que debemos asumir todos, no solo pensando en los consumidores que nos visitan, sino tambi\u00e9n en el turismo. En la Ciudad de Mendoza se concentra m\u00e1s del 95% de los turistas que llegan a la provincia, lo que conlleva una mayor responsabilidad\u201d.<\/p>\n\n\n\n<p>Asimismo, enfatiz\u00f3 la necesidad de crear un entorno seguro y la participaci\u00f3n activa del sector empresarial. \u201cQueremos hablar de una ciudad amigable, un centro seguro, un gran centro comercial a cielo abierto. Para lograr esto, es imprescindible que todos los empresarios se involucren y participen\u201d.<\/p>\n\n\n\n<p>Finalmente, Mauricio Pinti Clop subray\u00f3 que esta colaboraci\u00f3n es esencial para garantizar un entorno m\u00e1s seguro tanto para los comerciantes como para los ciudadanos que visitan la ciudad. \u201cEsta es una herramienta m\u00e1s que se suma a las muchas que venimos trabajando. Creemos que este acuerdo de colaboraci\u00f3n mutua ser\u00e1 esencial para la preservaci\u00f3n y el cuidado de los locales, comercios y actividades en la Ciudad de Mendoza\u201d, sostuvo el funcionario.<\/p>\n\n\n\n<p><strong>Fuente: www.diariomendoza.com.ar<\/strong><\/p>\n\n\n\n<p><\/p>\n\n\n\n<p><\/p>\n","protected":false},"excerpt":{"rendered":"<p>La ministra de Seguridad y Justicia,&nbsp;Mercedes Rus, firm\u00f3 este lunes un&nbsp;convenio&nbsp;con el presidente de la C\u00e1mara Empresaria, Comercio, Industria, Turismo y Servicios de la Ciudad de Mendoza (CECITyS),&nbsp;Adri\u00e1n Alin, mediante el cual las&nbsp;c\u00e1maras privadas&nbsp;de los comercios de la&nbsp;Capital&nbsp;se integrar\u00e1n al sistema de videovigilancia provincial. Este acuerdo se suma a otros firmados previamente con la Asociaci\u00f3n [&hellip;]<\/p>\n","protected":false},"author":2,"featured_media":9360,"comment_status":"open","ping_status":"open","sticky":false,"template":"","format":"standard","meta":[],"categories":[112],"tags":[],"_links":{"self":[{"href":"https:\/\/pasaenmendoza.com\/index.php?rest_route=\/wp\/v2\/posts\/9359"}],"collection":[{"href":"https:\/\/pasaenmendoza.com\/index.php?rest_route=\/wp\/v2\/posts"}],"about":[{"href":"https:\/\/pasaenmendoza.com\/index.php?rest_route=\/wp\/v2\/types\/post"}],"author":[{"embeddable":true,"href":"https:\/\/pasaenmendoza.com\/index.php?rest_route=\/wp\/v2\/users\/2"}],"replies":[{"embeddable":true,"href":"https:\/\/pasaenmendoza.com\/index.php?rest_route=%2Fwp%2Fv2%2Fcomments&post=9359"}],"version-history":[{"count":1,"href":"https:\/\/pasaenmendoza.com\/index.php?rest_route=\/wp\/v2\/posts\/9359\/revisions"}],"predecessor-version":[{"id":9361,"href":"https:\/\/pasaenmendoza.com\/index.php?rest_route=\/wp\/v2\/posts\/9359\/revisions\/9361"}],"wp:featuredmedia":[{"embeddable":true,"href":"https:\/\/pasaenmendoza.com\/index.php?rest_route=\/wp\/v2\/media\/9360"}],"wp:attachment":[{"href":"https:\/\/pasaenmendoza.com\/index.php?rest_route=%2Fwp%2Fv2%2Fmedia&parent=9359"}],"wp:term":[{"taxonomy":"category","embeddable":true,"href":"https:\/\/pasaenmendoza.com\/index.php?rest_route=%2Fwp%2Fv2%2Fcategories&post=9359"},{"taxonomy":"post_tag","embeddable":true,"href":"https:\/\/pasaenmendoza.com\/index.php?rest_route=%2Fwp%2Fv2%2Ftags&post=9359"}],"curies":[{"name":"wp","href":"https:\/\/api.w.org\/{rel}","templated":true}]}}