{"id":9362,"date":"2024-10-02T00:11:29","date_gmt":"2024-10-01T22:11:29","guid":{"rendered":"https:\/\/pasaenmendoza.com\/?p=9362"},"modified":"2024-10-02T00:13:35","modified_gmt":"2024-10-01T22:13:35","slug":"alfredo-cornejo-en-londres-mendoza-da-seguridad-juridica-para-hacer-mineria","status":"publish","type":"post","link":"https:\/\/pasaenmendoza.com\/?p=9362","title":{"rendered":"Alfredo Cornejo en Londres: &#8220;Mendoza da seguridad jur\u00eddica para hacer miner\u00eda&#8221;"},"content":{"rendered":"\n<p><strong>Alfredo Cornejo<\/strong>\u00a0avanza a paso firme para promocionar a la provincia como un lugar \u00f3ptimo para las inversiones mineras. Esta vez desde\u00a0<strong>Londres<\/strong>, el gobernador asegur\u00f3 hoy en el Argentina Day: &#8220;Mendoza da seguridad jur\u00eddica para hacer\u00a0<strong>miner\u00eda<\/strong>&#8220;.<\/p>\n\n\n\n<p>Durante su disertaci\u00f3n,\u00a0<strong>Alfredo Cornejo<\/strong>\u00a0indic\u00f3 que Mendoza posee recursos minerales importantes y que no han sido aprovechados a\u00fan. \u201cNuestra econom\u00eda es notablemente diversa, posicion\u00e1ndose como una de las m\u00e1s variadas del interior del pa\u00eds. Cuenta con una amplia gama de actividades productivas, que incluyen la elaboraci\u00f3n de alimentos y bebidas, destac\u00e1ndose especialmente la producci\u00f3n de vino, as\u00ed como el desarrollo de industrias del conocimiento. En los \u00faltimos a\u00f1os, tambi\u00e9n hemos fortalecido nuestra oferta de servicios tur\u00edsticos. Sin embargo, es importante mencionar que no hemos incursionado en la\u00a0<strong>miner\u00eda\u00a0<\/strong>metal\u00edfera\u201d, dijo el mandatario provincial.<\/p>\n\n\n\n<p>\u201cEn los \u00faltimos a\u00f1os, Argentina ha perdido la oportunidad de desarrollar la&nbsp;<strong>miner\u00eda<\/strong>, especialmente en lo que respecta a los minerales metal\u00edferos, como el cobre, a diferencia de lo que ha hecho Chile con los mismos recursos naturales que posee Mendoza. Compartimos la cordillera, lo que hace l\u00f3gico que tengamos un potencial similar\u201d, agreg\u00f3.&nbsp;<\/p>\n\n\n\n<p>Adem\u00e1s, el gobernador dijo que hay cambios respecto a la&nbsp;<strong>miner\u00eda&nbsp;<\/strong>en todo el pa\u00eds y que convocan a los inversores porque \u201chay una inmensa ventana de oportunidades\u201d. Tambi\u00e9n, hizo hincapi\u00e9 en la transformaci\u00f3n de la matriz energ\u00e9tica y en la creciente necesidad de contar con minerales cr\u00edticos para el desarrollo sustentable.<\/p>\n\n\n\n<p>Para contextualizar a nivel nacional,&nbsp;<strong>Cornejo&nbsp;<\/strong>habl\u00f3 del Pacto de Mayo para afirmar que uno de los puntos es justamente el desarrollo de nuestros recursos naturales. \u201cMendoza, para llevar a cabo esta tarea, est\u00e1 desarrollando un plan sistem\u00e1tico que cumplimos paso a paso, mes a mes, semana a semana\u201d, explic\u00f3.&nbsp;<\/p>\n\n\n\n<p>Adem\u00e1s, enumer\u00f3 la bater\u00eda de medidas tomadas por el Gobierno provincial y mencion\u00f3, entre otras, la modificaci\u00f3n al C\u00f3digo de Procedimiento Minero, una moderna herramienta jur\u00eddica que agiliza los procedimientos, otorgando transparencia y fortaleciendo los controles de la actividad minera de la provincia de Mendoza.<\/p>\n\n\n\n<p><strong>Alfredo Cornejo&nbsp;<\/strong>expuso los detalles del Plan Pilares, una hoja de ruta sobre las capacidades econ\u00f3micas, sociales, institucionales, t\u00e9cnicas y ambientales de la provincia de Mendoza para beneficiarse de su potencial geol\u00f3gico, trabajo que fue financiado por el sector privado, y desarrollado por la Universidad Nacional de Cuyo en conjunto con una consultora internacional.<\/p>\n\n\n\n<p>Se\u00f1al\u00f3 que en Mendoza hay cuatro proyectos en exploraci\u00f3n de cobre y uno de hierro que est\u00e1 a punto de terminar su proceso de exploraci\u00f3n y pronto a presentar su Informe de Impacto Ambiental de Explotaci\u00f3n. Tambi\u00e9n existe un gran proyecto de potasio, que deber\u00eda estar finalizando la puesta a punto de&nbsp; su planta piloto en el primer semestre de 2025. \u201cY el m\u00e1s ambicioso de todos los proyectos que tenemos en marcha es una Declaraci\u00f3n de Impacto Ambiental (DIA) de los 34 proyectos de exploraci\u00f3n minera metal\u00edfera dentro del denominado Malarg\u00fce Distrito Minero Occidental\u201d, inform\u00f3.&nbsp;<\/p>\n\n\n\n<p>A esto se sum\u00f3 que los Informes de Impacto Ambiental de los 34 proyectos mineros se sometieron a dos talleres, una visita abierta a un proyecto minero de exploraci\u00f3n en Mendoza y una concurrida audiencia p\u00fablica que tuvo la aprobaci\u00f3n de la comunidad donde se desarrollar\u00e1 este emprendimiento.&nbsp;<\/p>\n\n\n\n<p>\u201cPronto tendremos la decisi\u00f3n de la Autoridad Ambiental Minera sobre los 34 proyectos, y en caso de que sean aprobados, ser\u00e1n enviados a la Legislatura provincial para que sean ampliamente discutidos\u201d, dijo. Luego asegur\u00f3 que este plan est\u00e1 aprovechando la ventana de oportunidades de cambio estrat\u00e9gico que se est\u00e1 manifestando en la Argentina.<\/p>\n\n\n\n<p><strong>Cornejo&nbsp;<\/strong>se remont\u00f3 a principios de su primera gesti\u00f3n (2015-2019) para se\u00f1alar que en ese momento no pudo funcionar el plan, pero afirm\u00f3: \u201cQuiero decirles que, a diferencia de esa \u00e9poca, hoy, buena parte de la sociedad apoya mayoritariamente las reformas fiscales que se vienen aplicando en el pa\u00eds, a pesar de un ajuste muy fuerte que est\u00e1 llevando adelante el Gobierno nacional y que, aunque sea doloroso, cuenta con apoyo\u201d. Entonces, sigui\u00f3 explicando que \u201cla sociedad argentina est\u00e1 manifestando un cambio, no solo por su votaci\u00f3n, sino en el apoyo concreto que hoy est\u00e1 teniendo el liderazgo del Gobierno nacional\u201d.<\/p>\n\n\n\n<p>Para finalizar, el mandatario mendocino defini\u00f3: \u201cPor eso creemos que es un momento para invertir en la Argentina, en particular en la provincia que da seguridad jur\u00eddica para hacer&nbsp;<strong>miner\u00eda<\/strong>, el cobre en particular\u201d. Y cerr\u00f3 invitando a los presentes a participar de la cumbre que se realizar\u00e1 en Mendoza este a\u00f1o del 27 al 29 de noviembre. \u201cEstamos invitando a las principales empresas mineras del mundo a ver nuestros proyectos e interactuar con nuestros equipos para hacer&nbsp;<strong>miner\u00eda&nbsp;<\/strong>sostenible en Mendoza\u201d, anunci\u00f3.<\/p>\n\n\n\n<p><strong>Fuente: www.mdzol.com<\/strong><\/p>\n","protected":false},"excerpt":{"rendered":"<p>Alfredo Cornejo\u00a0avanza a paso firme para promocionar a la provincia como un lugar \u00f3ptimo para las inversiones mineras. Esta vez desde\u00a0Londres, el gobernador asegur\u00f3 hoy en el Argentina Day: &#8220;Mendoza da seguridad jur\u00eddica para hacer\u00a0miner\u00eda&#8220;. Durante su disertaci\u00f3n,\u00a0Alfredo Cornejo\u00a0indic\u00f3 que Mendoza posee recursos minerales importantes y que no han sido aprovechados a\u00fan. \u201cNuestra econom\u00eda es [&hellip;]<\/p>\n","protected":false},"author":2,"featured_media":9363,"comment_status":"open","ping_status":"open","sticky":false,"template":"","format":"standard","meta":[],"categories":[47],"tags":[],"_links":{"self":[{"href":"https:\/\/pasaenmendoza.com\/index.php?rest_route=\/wp\/v2\/posts\/9362"}],"collection":[{"href":"https:\/\/pasaenmendoza.com\/index.php?rest_route=\/wp\/v2\/posts"}],"about":[{"href":"https:\/\/pasaenmendoza.com\/index.php?rest_route=\/wp\/v2\/types\/post"}],"author":[{"embeddable":true,"href":"https:\/\/pasaenmendoza.com\/index.php?rest_route=\/wp\/v2\/users\/2"}],"replies":[{"embeddable":true,"href":"https:\/\/pasaenmendoza.com\/index.php?rest_route=%2Fwp%2Fv2%2Fcomments&post=9362"}],"version-history":[{"count":2,"href":"https:\/\/pasaenmendoza.com\/index.php?rest_route=\/wp\/v2\/posts\/9362\/revisions"}],"predecessor-version":[{"id":9365,"href":"https:\/\/pasaenmendoza.com\/index.php?rest_route=\/wp\/v2\/posts\/9362\/revisions\/9365"}],"wp:featuredmedia":[{"embeddable":true,"href":"https:\/\/pasaenmendoza.com\/index.php?rest_route=\/wp\/v2\/media\/9363"}],"wp:attachment":[{"href":"https:\/\/pasaenmendoza.com\/index.php?rest_route=%2Fwp%2Fv2%2Fmedia&parent=9362"}],"wp:term":[{"taxonomy":"category","embeddable":true,"href":"https:\/\/pasaenmendoza.com\/index.php?rest_route=%2Fwp%2Fv2%2Fcategories&post=9362"},{"taxonomy":"post_tag","embeddable":true,"href":"https:\/\/pasaenmendoza.com\/index.php?rest_route=%2Fwp%2Fv2%2Ftags&post=9362"}],"curies":[{"name":"wp","href":"https:\/\/api.w.org\/{rel}","templated":true}]}}