{"id":9366,"date":"2024-10-02T00:17:03","date_gmt":"2024-10-01T22:17:03","guid":{"rendered":"https:\/\/pasaenmendoza.com\/?p=9366"},"modified":"2024-10-02T00:17:04","modified_gmt":"2024-10-01T22:17:04","slug":"este-martes-bajaron-los-combustibles-entre-el-1-y-el-2","status":"publish","type":"post","link":"https:\/\/pasaenmendoza.com\/?p=9366","title":{"rendered":"Este martes bajaron los combustibles entre el 1% y el 2%"},"content":{"rendered":"\n<p>Este martes bajaron los\u00a0<strong>combustibles<\/strong>\u00a0y el cambio ya se evidencia en las pizarras de las estaciones de servicio\u00a0<strong>YPF\u00a0<\/strong>de Mendoza. De esta manera,<strong>\u00a0la nafta baj\u00f3 el 1%<\/strong>\u00a0y 2% el gasoil. La reducci\u00f3n en los valores se debe a la ca\u00edda de los valores a nivel internacional. Y es la primera disminuci\u00f3n en los \u00faltimos 5 a\u00f1os.<\/p>\n\n\n\n<ul>\n<li>De esta manera, el litro de&nbsp;<strong>S\u00faper&nbsp;<\/strong>qued\u00f3 en $1.052<\/li>\n\n\n\n<li>El litro de&nbsp;<strong>Infinia&nbsp;<\/strong>en $1.285<\/li>\n\n\n\n<li>El&nbsp;<strong>Di\u00e9sel&nbsp;<\/strong>Com\u00fan en $1.114<\/li>\n\n\n\n<li>El&nbsp;<strong>Infinia Di\u00e9sel<\/strong>&nbsp;en $ 1.307<\/li>\n<\/ul>\n\n\n\n<p>Sobre esta novedad, el CEO de la compa\u00f1\u00eda,\u00a0<strong>Horacio Mar\u00edn<\/strong>, asegur\u00f3 que &#8220;YPF no tiene que subsidiar a los consumidores y los consumidores no tienen que subsidiar a YPF. Si el<strong>\u00a0precio del petr\u00f3leo a nivel internacional<\/strong>\u00a0sube vamos a subir el precio, y si el precio baja YPF va a bajar el precio de los\u00a0<strong>combustibles<\/strong>&#8220;.<\/p>\n\n\n\n<p>En ese sentido, dej\u00f3 en claro que sin pol\u00edticas que vayan en esa direcci\u00f3n &#8220;<strong>Vaca Muerta<\/strong>&nbsp;no se desarrolla&#8221; y remarc\u00f3 que pretende que la compa\u00f1\u00eda &#8220;exporte U$S 30.000 millones en 2030&#8221;.<\/p>\n\n\n\n<p>&#8220;Hoy el\u00a0<strong>precio de los combustibles<\/strong>\u00a0de nuestras refiner\u00edas sale a 100 unidades, ma\u00f1ana saldr\u00e1 a 96 unidades, pero hay que sumarle\u00a0<strong>2 puntos de la devaluaci\u00f3n<\/strong>\u00a0m\u00e1s un punto del ajuste del\u00a0<strong>Impuesto a los Combustibles<\/strong>&#8220;, explic\u00f3.<\/p>\n\n\n\n<p>Mediante un comunicado, YPF se\u00f1al\u00f3 que &#8220;esta decisi\u00f3n se toma, fundamentalmente, en el marco de una&nbsp;<strong>ca\u00edda de la cotizaci\u00f3n internacional<\/strong>&nbsp;del crudo Brent que forma parte de la estructura de precios de todos los combustibles a nivel mundial&#8221;.<\/p>\n\n\n\n<p>La \u00faltima vez que la petrolera estatal\u00a0<strong>redujo los precios<\/strong>\u00a0fue hace m\u00e1s de cinco a\u00f1os, en marzo de 2019 durante el gobierno de Mauricio Macri, cuando la baja alcanz\u00f3 el\u00a0<strong>3,2%.<\/strong><\/p>\n\n\n\n<p><strong>Fuente: www.diariouno.com.ar<\/strong><\/p>\n","protected":false},"excerpt":{"rendered":"<p>Este martes bajaron los\u00a0combustibles\u00a0y el cambio ya se evidencia en las pizarras de las estaciones de servicio\u00a0YPF\u00a0de Mendoza. De esta manera,\u00a0la nafta baj\u00f3 el 1%\u00a0y 2% el gasoil. La reducci\u00f3n en los valores se debe a la ca\u00edda de los valores a nivel internacional. Y es la primera disminuci\u00f3n en los \u00faltimos 5 a\u00f1os. Sobre [&hellip;]<\/p>\n","protected":false},"author":2,"featured_media":9367,"comment_status":"open","ping_status":"open","sticky":false,"template":"","format":"standard","meta":[],"categories":[75],"tags":[],"_links":{"self":[{"href":"https:\/\/pasaenmendoza.com\/index.php?rest_route=\/wp\/v2\/posts\/9366"}],"collection":[{"href":"https:\/\/pasaenmendoza.com\/index.php?rest_route=\/wp\/v2\/posts"}],"about":[{"href":"https:\/\/pasaenmendoza.com\/index.php?rest_route=\/wp\/v2\/types\/post"}],"author":[{"embeddable":true,"href":"https:\/\/pasaenmendoza.com\/index.php?rest_route=\/wp\/v2\/users\/2"}],"replies":[{"embeddable":true,"href":"https:\/\/pasaenmendoza.com\/index.php?rest_route=%2Fwp%2Fv2%2Fcomments&post=9366"}],"version-history":[{"count":1,"href":"https:\/\/pasaenmendoza.com\/index.php?rest_route=\/wp\/v2\/posts\/9366\/revisions"}],"predecessor-version":[{"id":9368,"href":"https:\/\/pasaenmendoza.com\/index.php?rest_route=\/wp\/v2\/posts\/9366\/revisions\/9368"}],"wp:featuredmedia":[{"embeddable":true,"href":"https:\/\/pasaenmendoza.com\/index.php?rest_route=\/wp\/v2\/media\/9367"}],"wp:attachment":[{"href":"https:\/\/pasaenmendoza.com\/index.php?rest_route=%2Fwp%2Fv2%2Fmedia&parent=9366"}],"wp:term":[{"taxonomy":"category","embeddable":true,"href":"https:\/\/pasaenmendoza.com\/index.php?rest_route=%2Fwp%2Fv2%2Fcategories&post=9366"},{"taxonomy":"post_tag","embeddable":true,"href":"https:\/\/pasaenmendoza.com\/index.php?rest_route=%2Fwp%2Fv2%2Ftags&post=9366"}],"curies":[{"name":"wp","href":"https:\/\/api.w.org\/{rel}","templated":true}]}}