{"id":937,"date":"2023-08-25T15:39:39","date_gmt":"2023-08-25T13:39:39","guid":{"rendered":"https:\/\/pasaenmendoza.com\/?p=937"},"modified":"2023-08-25T15:39:40","modified_gmt":"2023-08-25T13:39:40","slug":"este-viernes-sigue-el-frio-pero-empieza-a-subir-la-temperatura","status":"publish","type":"post","link":"https:\/\/pasaenmendoza.com\/?p=937","title":{"rendered":"Este viernes sigue el fr\u00edo pero empieza a subir la temperatura"},"content":{"rendered":"\n<p>Este viernes, el Servicio Meteorol\u00f3gico Nacional, pronostica para el\u00a0<strong>Gran<\/strong>\u00a0<strong>Mendoza, tiempo fr\u00edo\u00a0<\/strong>y cielo mayormente nublado. La m\u00e1xima esperada para esta jornada es de 11\u00b0, as\u00ed que hay que abrigarse bien.\u00a0<\/p>\n\n\n\n<p>El viento del Sureste mantiene alta la humedad relativa del ambiente\u00a0 \u00a0 \u00a0 que a primera hora de la ma\u00f1ana marcaba 73%.\u00a0 Sin embargo, el pron\u00f3stico no muestra probabilidades de lluvias.<\/p>\n\n\n\n<p>El fin de semana habr\u00e1 leve ascenso de la temperatura, y las m\u00e1ximas ser\u00e1n de 13\u00b0 el s\u00e1bado y de 16\u00b0 el domingo. El sol comenzar\u00e1 a verse el domingo.\u00a0<\/p>\n\n\n\n<p>En tanto que para la semana que viene, el pron\u00f3stico indica que vuelven las temperaturas alrededor de los 20\u00b0 y el cielo parcialmente nublado. Ya se podr\u00e1n apagar las estufas.\u00a0<\/p>\n\n\n\n<p><strong>Fuente: www.mendozapost.com<\/strong><\/p>\n","protected":false},"excerpt":{"rendered":"<p>Este viernes, el Servicio Meteorol\u00f3gico Nacional, pronostica para el\u00a0Gran\u00a0Mendoza, tiempo fr\u00edo\u00a0y cielo mayormente nublado. La m\u00e1xima esperada para esta jornada es de 11\u00b0, as\u00ed que hay que abrigarse bien.\u00a0 El viento del Sureste mantiene alta la humedad relativa del ambiente\u00a0 \u00a0 \u00a0 que a primera hora de la ma\u00f1ana marcaba 73%.\u00a0 Sin embargo, el pron\u00f3stico [&hellip;]<\/p>\n","protected":false},"author":2,"featured_media":938,"comment_status":"open","ping_status":"open","sticky":false,"template":"","format":"standard","meta":[],"categories":[52],"tags":[],"_links":{"self":[{"href":"https:\/\/pasaenmendoza.com\/index.php?rest_route=\/wp\/v2\/posts\/937"}],"collection":[{"href":"https:\/\/pasaenmendoza.com\/index.php?rest_route=\/wp\/v2\/posts"}],"about":[{"href":"https:\/\/pasaenmendoza.com\/index.php?rest_route=\/wp\/v2\/types\/post"}],"author":[{"embeddable":true,"href":"https:\/\/pasaenmendoza.com\/index.php?rest_route=\/wp\/v2\/users\/2"}],"replies":[{"embeddable":true,"href":"https:\/\/pasaenmendoza.com\/index.php?rest_route=%2Fwp%2Fv2%2Fcomments&post=937"}],"version-history":[{"count":1,"href":"https:\/\/pasaenmendoza.com\/index.php?rest_route=\/wp\/v2\/posts\/937\/revisions"}],"predecessor-version":[{"id":939,"href":"https:\/\/pasaenmendoza.com\/index.php?rest_route=\/wp\/v2\/posts\/937\/revisions\/939"}],"wp:featuredmedia":[{"embeddable":true,"href":"https:\/\/pasaenmendoza.com\/index.php?rest_route=\/wp\/v2\/media\/938"}],"wp:attachment":[{"href":"https:\/\/pasaenmendoza.com\/index.php?rest_route=%2Fwp%2Fv2%2Fmedia&parent=937"}],"wp:term":[{"taxonomy":"category","embeddable":true,"href":"https:\/\/pasaenmendoza.com\/index.php?rest_route=%2Fwp%2Fv2%2Fcategories&post=937"},{"taxonomy":"post_tag","embeddable":true,"href":"https:\/\/pasaenmendoza.com\/index.php?rest_route=%2Fwp%2Fv2%2Ftags&post=937"}],"curies":[{"name":"wp","href":"https:\/\/api.w.org\/{rel}","templated":true}]}}