{"id":9383,"date":"2024-10-02T22:49:35","date_gmt":"2024-10-02T20:49:35","guid":{"rendered":"https:\/\/pasaenmendoza.com\/?p=9383"},"modified":"2024-10-02T22:49:37","modified_gmt":"2024-10-02T20:49:37","slug":"marchan-en-mendoza-en-defensa-de-la-universidad-publica","status":"publish","type":"post","link":"https:\/\/pasaenmendoza.com\/?p=9383","title":{"rendered":"Marchan en Mendoza en defensa de la universidad p\u00fablica"},"content":{"rendered":"\n<p>Pocos minutos despu\u00e9s de las 16 arranc\u00f3 en la rotonda de la UNCuyo la\u00a0<strong>marcha federa<\/strong>l\u00a0en defensa de la universidad p\u00fablica. Una columna numerosa, que en principio ocup\u00f3 por lo menos 10 cuadras, dio inicio a la movilizaci\u00f3n, en consonancia con las manifestaciones que se hacen en todo el pa\u00eds, con epicentro en Buenos Aires.<\/p>\n\n\n\n<p>En los primeros movimientos se pusieron al frente los docentes, alineados con el gremio Siduncu y Fadiunc.<\/p>\n\n\n\n<p>La mayor parte de las consignas y los c\u00e1nticos fue contra el presidente Javier Milei y su ya anunciada pretensi\u00f3n de vetar la ley de financiamiento educativa que fue aprobada en el Congreso y, en cambio, destinar al presupuesto universitario la mitad de que pidi\u00f3 el CIN (Consejo Interuniversitario Nacional).<\/p>\n\n\n\n<h2 class=\"wp-block-heading\">La dirigencia radical en la marcha en defensa de la universidad p\u00fablica<\/h2>\n\n\n\n<p>Entre los presentes se pudo observar al vicerrector<strong>&nbsp;Gabriel Fidel<\/strong>&nbsp;y otros dirigentes radicales como el intendente de Godoy Cruz,&nbsp;<strong>Diego Costarellli&nbsp;<\/strong>y el ministro de Educaci\u00f3n,<strong>&nbsp;Tadeo Garc\u00eda Zalazar.&nbsp;<\/strong>Tambi\u00e9n estuvo el intendente de Jun\u00edn y ex vicegobernador,&nbsp;<strong>Mario Abed,&nbsp;<\/strong>sorpresivamente acompa\u00f1ado por el peronista&nbsp;<strong>Marcelo Costa.<\/strong><\/p>\n\n\n\n<p>Casi inmediamente detr\u00e1s su ubic\u00f3 la agrupaci\u00f3n estudiantil de ese mismo espacio, la Franja Morada.<\/p>\n\n\n\n<p>Otro de los dirigentes del oficialismo,<strong>\u00a0Andr\u00e9s Peti Lombardi,\u00a0<\/strong>presidente de la C\u00e1mara de Diputados, adem\u00e1s de marchar, se expres\u00f3 en redes sociales. &#8220;La universidad p\u00fablica iguala&#8221;, expres\u00f3 en coincidencia con opiniones similares de Costarelli y Garc\u00eda Zalazar.<\/p>\n\n\n\n<p>Al llegar a los Caballitos de Marly comenzaron a sumarse distintas agrupaciones entre las que sobresali\u00f3 La C\u00e1mpora, con muchas banderas. Tambi\u00e9n lo hicieron organismos de de derechos humanos, como HIJOS, Familiares de Detenidos y Desaparecidos por Razones Pol\u00edticas y la Asociaci\u00f3n de ex Presos.<\/p>\n\n\n\n<p>Est\u00e1 previsto que la movilizaci\u00f3n llegue a la plaza Independencia. En el camino se fueron sumando organizaciones sociales, sindicales y comunitarias. Tambi\u00e9n agrupaciones de jubilados.<\/p>\n\n\n\n<p>Un importante operativo policial acompa\u00f1a la marcha que se desarrolla en forma pac\u00edfica, con la adhesi\u00f3n de automovilistas que circulan con precauci\u00f3n y hacen sentir sus bocinas para sumarse al reclamo.<\/p>\n\n\n\n<p><strong>Fuente: www.diariouno.com.ar<\/strong><\/p>\n","protected":false},"excerpt":{"rendered":"<p>Pocos minutos despu\u00e9s de las 16 arranc\u00f3 en la rotonda de la UNCuyo la\u00a0marcha federal\u00a0en defensa de la universidad p\u00fablica. Una columna numerosa, que en principio ocup\u00f3 por lo menos 10 cuadras, dio inicio a la movilizaci\u00f3n, en consonancia con las manifestaciones que se hacen en todo el pa\u00eds, con epicentro en Buenos Aires. En [&hellip;]<\/p>\n","protected":false},"author":2,"featured_media":9384,"comment_status":"open","ping_status":"open","sticky":false,"template":"","format":"standard","meta":[],"categories":[50],"tags":[],"_links":{"self":[{"href":"https:\/\/pasaenmendoza.com\/index.php?rest_route=\/wp\/v2\/posts\/9383"}],"collection":[{"href":"https:\/\/pasaenmendoza.com\/index.php?rest_route=\/wp\/v2\/posts"}],"about":[{"href":"https:\/\/pasaenmendoza.com\/index.php?rest_route=\/wp\/v2\/types\/post"}],"author":[{"embeddable":true,"href":"https:\/\/pasaenmendoza.com\/index.php?rest_route=\/wp\/v2\/users\/2"}],"replies":[{"embeddable":true,"href":"https:\/\/pasaenmendoza.com\/index.php?rest_route=%2Fwp%2Fv2%2Fcomments&post=9383"}],"version-history":[{"count":1,"href":"https:\/\/pasaenmendoza.com\/index.php?rest_route=\/wp\/v2\/posts\/9383\/revisions"}],"predecessor-version":[{"id":9385,"href":"https:\/\/pasaenmendoza.com\/index.php?rest_route=\/wp\/v2\/posts\/9383\/revisions\/9385"}],"wp:featuredmedia":[{"embeddable":true,"href":"https:\/\/pasaenmendoza.com\/index.php?rest_route=\/wp\/v2\/media\/9384"}],"wp:attachment":[{"href":"https:\/\/pasaenmendoza.com\/index.php?rest_route=%2Fwp%2Fv2%2Fmedia&parent=9383"}],"wp:term":[{"taxonomy":"category","embeddable":true,"href":"https:\/\/pasaenmendoza.com\/index.php?rest_route=%2Fwp%2Fv2%2Fcategories&post=9383"},{"taxonomy":"post_tag","embeddable":true,"href":"https:\/\/pasaenmendoza.com\/index.php?rest_route=%2Fwp%2Fv2%2Ftags&post=9383"}],"curies":[{"name":"wp","href":"https:\/\/api.w.org\/{rel}","templated":true}]}}