{"id":9386,"date":"2024-10-02T22:58:58","date_gmt":"2024-10-02T20:58:58","guid":{"rendered":"https:\/\/pasaenmendoza.com\/?p=9386"},"modified":"2024-10-02T22:58:59","modified_gmt":"2024-10-02T20:58:59","slug":"mas-de-14-000-cuyanos-emigraron-con-pasaporte-europeo-y-cerca-de-50-000-estan-tramitando-su-nacionalidad","status":"publish","type":"post","link":"https:\/\/pasaenmendoza.com\/?p=9386","title":{"rendered":"M\u00e1s de 14.000 cuyanos emigraron con pasaporte europeo y cerca de 50.000 est\u00e1n tramitando su nacionalidad"},"content":{"rendered":"\n<p>La Ciudad de\u00a0<strong>Mendoza<\/strong>, al ser el centro pol\u00edtico de\u00a0<strong>Cuyo<\/strong>, cuenta con la presencia de los consulados de\u00a0<strong>Italia y Espa\u00f1a<\/strong>, las dos naciones con mayor cantidad de descendientes en todo el pa\u00eds y por ende de solicitudes de nacionalidades en las distintas dependencias regionales.\u00a0<mark>Se supo que entre ambos se estima que hay\u00a0<strong>14.000 cuyanos se encuentran viviendo en Europa con estos pasaportes<\/strong>, y otro gran n\u00famero de estos est\u00e1n tramit\u00e1ndolo.<\/mark><\/p>\n\n\n\n<p>Seg\u00fan los datos proporcionados por estos dos consulados, en sus oficinas se tramit\u00f3 la nacionalidad de m\u00e1s de 14.000 cuyanos que hoy residen en Europa (<strong>aproximadamente 7.500 en el ente espa\u00f1ol y 6.300 en el italiano<\/strong>). Adem\u00e1s,&nbsp;<mark>mientras que en el Consulado de Espa\u00f1a se est\u00e1n tramitando cerca de 40.000 expedientes, en el ente italiano se estima que rondar\u00edan en 5.000 solicitudes.<\/mark><\/p>\n\n\n\n<p>Al obtener su nacionalidad, en muchos casos los nuevos ciudadanos europeos deciden residir en otros pa\u00edses de la&nbsp;<strong>Uni\u00f3n Europea<\/strong>, ya que la legislaci\u00f3n de esta as\u00ed lo permite.&nbsp;<mark>Este es el caso de la mayor\u00eda de los registrados en el Consulado italiano de Mendoza, donde de 6361 personas registradas,&nbsp;<strong>solo 1205 est\u00e1n viviendo en Italia.<\/strong><\/mark><\/p>\n\n\n\n<h2 class=\"wp-block-heading\" id=\"h-mayor-accesibilidad-de-la-nacionalidad-espanola-por-la-ley-de-memoria-democratica\">Mayor accesibilidad de la nacionalidad espa\u00f1ola por la Ley de Memoria Democr\u00e1tica<\/h2>\n\n\n\n<p>La colosal diferencia entre los expedientes tramitados por ambos consulados se debe a la aplicaci\u00f3n de la ley espa\u00f1ola de<strong>\u00a0Memoria Democr\u00e1tica<\/strong>, la cual abri\u00f3 la puerta a millones de argentinos a tramitar la ciudadan\u00eda espa\u00f1ola.\u00a0<mark>Sobre esto,\u00a0<strong>Ram\u00f3n Blecua Casas<\/strong>, c\u00f3nsul general de Mendoza, explic\u00f3 que\u00a0esta situaci\u00f3n y el impacto que est\u00e1 teniendo en la migraci\u00f3n mendocina y de todo Cuyo:<\/mark><\/p>\n\n\n\n<p>A diferencia del caso italiano, la Ley de Memoria Democr\u00e1tica signific\u00f3 que generaciones enteras de familias argentinas puedan tramitar su nacionalidad espa\u00f1ola:&nbsp;<strong>\u201c<em>Ahora se tramitan como 4 o 5 generaciones.&nbsp;<\/em><\/strong><em>Estamos bajando hasta tataranietos<\/em>\u201c, indic\u00f3 el c\u00f3nsul. Esta situaci\u00f3n gener\u00f3 que ahora \u201c<em>el n\u00famero de solicitudes no par\u00e1 y no est\u00e1 bajando.&nbsp;<strong>Estamos hablando de vol\u00famenes que nunca hab\u00edamos visto<\/strong><\/em>\u201c, seg\u00fan describi\u00f3 Blecua Casas.<\/p>\n\n\n\n<p>En su mayor\u00eda,&nbsp;<mark>el c\u00f3nsul espa\u00f1ol defini\u00f3 que los emigrantes suelen ser estudiantes universitarios, deportistas o profesionales cualificados de sectores demandados en Espa\u00f1a.<\/mark>&nbsp;Aunque, tambi\u00e9n sum\u00f3 que \u201c<em>en algunos casos hay empresarios que se han ido con sus familias. No es una cosa masiva, pero no son pocos<\/em>\u201c.<\/p>\n\n\n\n<p>A su entender,&nbsp;<mark>la situaci\u00f3n socioecon\u00f3mica que atraviesa la Argentina no signific\u00f3 un aumento en la demanda de las solicitudes, pero s\u00ed \u201c<em>dio un mayor sentido de urgencia<\/em>\u201c<\/mark>, y agreg\u00f3: \u201c<em>El tema de la situaci\u00f3n econ\u00f3mica hace que la gente no quiera tampoco jug\u00e1rsela y dejar a pasar la oportunidad<\/em>\u201c.&nbsp;<strong>Esto \u00faltimo se debe a que la ley vigente del gobierno espa\u00f1ol se espera que sea depuesta en alg\u00fan futuro<\/strong>, aunque a\u00fan se desconoce cuanto tiempo le queda a esta normativa.<\/p>\n\n\n\n<p>El aumento en la cantidad de expedientes presentados, turnos solicitados y concedidos para 2025 supone, en las estimaciones del C\u00f3nsul,&nbsp;<mark>que al terminar todo este arduo proceso burocr\u00e1tico, Mendoza tendr\u00eda alrededor de 160.000 ciudadanos con doble nacionalidad argentino-espa\u00f1ola<\/mark>, lo que Blecua Casas entiende como todo un \u201creto\u201d para su consulado.<\/p>\n\n\n\n<p>Sin embargo, la situaci\u00f3n que supone la Ley de Memoria Democr\u00e1tica llev\u00f3 a que\u00a0<mark>desde el inicio de los tr\u00e1mites hasta la obtenci\u00f3n de la nacionalidad espa\u00f1ola, pueda pasar un lapso de entre\u00a0<strong>1 a 2 a\u00f1os<\/strong><\/mark>: \u201c<em>Un a\u00f1o por el turno y un a\u00f1o por el tr\u00e1mite<\/em>\u201d, inform\u00f3 el c\u00f3nsul Blecua Casas.<\/p>\n\n\n\n<p><strong>Fuente: www.elsol.com.ar<\/strong><\/p>\n","protected":false},"excerpt":{"rendered":"<p>La Ciudad de\u00a0Mendoza, al ser el centro pol\u00edtico de\u00a0Cuyo, cuenta con la presencia de los consulados de\u00a0Italia y Espa\u00f1a, las dos naciones con mayor cantidad de descendientes en todo el pa\u00eds y por ende de solicitudes de nacionalidades en las distintas dependencias regionales.\u00a0Se supo que entre ambos se estima que hay\u00a014.000 cuyanos se encuentran viviendo [&hellip;]<\/p>\n","protected":false},"author":2,"featured_media":9387,"comment_status":"open","ping_status":"open","sticky":false,"template":"","format":"standard","meta":[],"categories":[50],"tags":[],"_links":{"self":[{"href":"https:\/\/pasaenmendoza.com\/index.php?rest_route=\/wp\/v2\/posts\/9386"}],"collection":[{"href":"https:\/\/pasaenmendoza.com\/index.php?rest_route=\/wp\/v2\/posts"}],"about":[{"href":"https:\/\/pasaenmendoza.com\/index.php?rest_route=\/wp\/v2\/types\/post"}],"author":[{"embeddable":true,"href":"https:\/\/pasaenmendoza.com\/index.php?rest_route=\/wp\/v2\/users\/2"}],"replies":[{"embeddable":true,"href":"https:\/\/pasaenmendoza.com\/index.php?rest_route=%2Fwp%2Fv2%2Fcomments&post=9386"}],"version-history":[{"count":1,"href":"https:\/\/pasaenmendoza.com\/index.php?rest_route=\/wp\/v2\/posts\/9386\/revisions"}],"predecessor-version":[{"id":9388,"href":"https:\/\/pasaenmendoza.com\/index.php?rest_route=\/wp\/v2\/posts\/9386\/revisions\/9388"}],"wp:featuredmedia":[{"embeddable":true,"href":"https:\/\/pasaenmendoza.com\/index.php?rest_route=\/wp\/v2\/media\/9387"}],"wp:attachment":[{"href":"https:\/\/pasaenmendoza.com\/index.php?rest_route=%2Fwp%2Fv2%2Fmedia&parent=9386"}],"wp:term":[{"taxonomy":"category","embeddable":true,"href":"https:\/\/pasaenmendoza.com\/index.php?rest_route=%2Fwp%2Fv2%2Fcategories&post=9386"},{"taxonomy":"post_tag","embeddable":true,"href":"https:\/\/pasaenmendoza.com\/index.php?rest_route=%2Fwp%2Fv2%2Ftags&post=9386"}],"curies":[{"name":"wp","href":"https:\/\/api.w.org\/{rel}","templated":true}]}}