{"id":9390,"date":"2024-10-03T14:04:36","date_gmt":"2024-10-03T12:04:36","guid":{"rendered":"https:\/\/pasaenmendoza.com\/?p=9390"},"modified":"2024-10-03T14:04:38","modified_gmt":"2024-10-03T12:04:38","slug":"el-tiempo-en-mendoza-jueves-con-ascenso-de-la-temperatura-y-heladas-en-el-valle-de-uco","status":"publish","type":"post","link":"https:\/\/pasaenmendoza.com\/?p=9390","title":{"rendered":"El tiempo en Mendoza: jueves con ascenso de la temperatura y heladas en el Valle de Uco"},"content":{"rendered":"\n<p>Este&nbsp;<strong>jueves<\/strong>&nbsp;arranca con \u201ccielo algo nublado y&nbsp;<strong>ascenso de la temperatura<\/strong>, vientos moderados del noreste en el Gran Mendoza\u201d. Adem\u00e1s, la&nbsp;<strong>Direcci\u00f3n de Contingencias Clim\u00e1ticas<\/strong>&nbsp;indica \u201c<strong>heladas&nbsp;<\/strong>significativas en el Valle de Uco\u201d.&nbsp;<strong>La m\u00ednima ser\u00e1 de 6 grados y la m\u00e1xima de 25.<\/strong><\/p>\n\n\n\n<p>Para el<strong>&nbsp;viernes<\/strong>&nbsp;se pronostica \u201ccielo algo nublado con ascenso de la temperatura, vientos leves del noreste. Buen tiempo en cordillera\u201d.&nbsp;<strong>La m\u00ednima ser\u00e1 de 9 grados y la m\u00e1xima llegar\u00e1 a los 30.<\/strong><\/p>\n\n\n\n<p>El\u00a0<strong>s\u00e1bado<\/strong>\u00a0estar\u00e1 \u201cparcialmente nublado y ventoso, vientos moderados del sudeste, leve descenso de la temperatura. Inestable en cordillera\u201d.\u00a0<strong>La m\u00ednima ser\u00e1 de 14 grados y la m\u00e1xima de 30.<\/strong><\/p>\n\n\n\n<p><strong>Fuente: www.elsol.com.ar<\/strong><\/p>\n","protected":false},"excerpt":{"rendered":"<p>Este&nbsp;jueves&nbsp;arranca con \u201ccielo algo nublado y&nbsp;ascenso de la temperatura, vientos moderados del noreste en el Gran Mendoza\u201d. Adem\u00e1s, la&nbsp;Direcci\u00f3n de Contingencias Clim\u00e1ticas&nbsp;indica \u201cheladas&nbsp;significativas en el Valle de Uco\u201d.&nbsp;La m\u00ednima ser\u00e1 de 6 grados y la m\u00e1xima de 25. Para el&nbsp;viernes&nbsp;se pronostica \u201ccielo algo nublado con ascenso de la temperatura, vientos leves del noreste. Buen tiempo [&hellip;]<\/p>\n","protected":false},"author":2,"featured_media":9391,"comment_status":"open","ping_status":"open","sticky":false,"template":"","format":"standard","meta":[],"categories":[52],"tags":[],"_links":{"self":[{"href":"https:\/\/pasaenmendoza.com\/index.php?rest_route=\/wp\/v2\/posts\/9390"}],"collection":[{"href":"https:\/\/pasaenmendoza.com\/index.php?rest_route=\/wp\/v2\/posts"}],"about":[{"href":"https:\/\/pasaenmendoza.com\/index.php?rest_route=\/wp\/v2\/types\/post"}],"author":[{"embeddable":true,"href":"https:\/\/pasaenmendoza.com\/index.php?rest_route=\/wp\/v2\/users\/2"}],"replies":[{"embeddable":true,"href":"https:\/\/pasaenmendoza.com\/index.php?rest_route=%2Fwp%2Fv2%2Fcomments&post=9390"}],"version-history":[{"count":1,"href":"https:\/\/pasaenmendoza.com\/index.php?rest_route=\/wp\/v2\/posts\/9390\/revisions"}],"predecessor-version":[{"id":9392,"href":"https:\/\/pasaenmendoza.com\/index.php?rest_route=\/wp\/v2\/posts\/9390\/revisions\/9392"}],"wp:featuredmedia":[{"embeddable":true,"href":"https:\/\/pasaenmendoza.com\/index.php?rest_route=\/wp\/v2\/media\/9391"}],"wp:attachment":[{"href":"https:\/\/pasaenmendoza.com\/index.php?rest_route=%2Fwp%2Fv2%2Fmedia&parent=9390"}],"wp:term":[{"taxonomy":"category","embeddable":true,"href":"https:\/\/pasaenmendoza.com\/index.php?rest_route=%2Fwp%2Fv2%2Fcategories&post=9390"},{"taxonomy":"post_tag","embeddable":true,"href":"https:\/\/pasaenmendoza.com\/index.php?rest_route=%2Fwp%2Fv2%2Ftags&post=9390"}],"curies":[{"name":"wp","href":"https:\/\/api.w.org\/{rel}","templated":true}]}}