{"id":9393,"date":"2024-10-03T14:14:38","date_gmt":"2024-10-03T12:14:38","guid":{"rendered":"https:\/\/pasaenmendoza.com\/?p=9393"},"modified":"2024-10-03T14:14:39","modified_gmt":"2024-10-03T12:14:39","slug":"investigan-la-muerte-de-un-hombre-durante-un-operativo-policial-en-las-heras","status":"publish","type":"post","link":"https:\/\/pasaenmendoza.com\/?p=9393","title":{"rendered":"Investigan la muerte de un hombre durante un operativo policial en Las Heras"},"content":{"rendered":"\n<p>La&nbsp;<strong>Justicia y la Inspecci\u00f3n General de Seguridad (IGS)&nbsp;<\/strong>investigan desde este jueves un confuso hecho ocurrido durante un conflicto entre familias y posterior operativo policial que termin\u00f3 con hombre fallecido en el departamento de Las Heras.<\/p>\n\n\n\n<p>La informaci\u00f3n inicial del caso sostiene que el caso\u00a0<strong>ocurri\u00f3 la madrugada en calle Doctor Moreno.<\/strong>\u00a0Hubo un llamado al 911 por problemas entre dos grupos de personas y un personal policial de la jurisdicci\u00f3n lleg\u00f3 hasta la escena con el objetivo de intentar calmar la situaci\u00f3n y dispersar a los presentes.<\/p>\n\n\n\n<p>Al parecer, uno de los sujetos se encontraba\u00a0<em>\u201cdescontrolado\u201d<\/em>\u00a0e intent\u00f3 agredir a los uniformados. Debido a esto,\u00a0<mark>uno de los efectivos lo redujo utilizando una llave o movimiento aplicando fuerza de sus brazos sobre la zona del cuello y provoc\u00f3 que desvaneciera<\/mark>\u00a0en pocos segundos por la situaci\u00f3n traum\u00e1tica que se encontraba atravesando, tal como explicaron fuentes del caso a\u00a0<em><strong>El Sol<\/strong><\/em>.<\/p>\n\n\n\n<p>El polic\u00eda, en medio del caos que reinaba, comenz\u00f3 a realizarle ejercicios de reanimaci\u00f3n cardiopulmonar (<strong>RCP<\/strong>) y sus colegas pidieron al mismo tiempo refuerzos y la presencia de una ambulancia del SEC.<\/p>\n\n\n\n<p>Cuando arrib\u00f3 un m\u00e9dico minutos despu\u00e9s, constat\u00f3 que el hombre se encontraba sin vida. Los restos fueron levantados luego del trabajo de Polic\u00eda Cient\u00edfica y llevados hasta el Cuerpo M\u00e9dico Forense por pedido del fiscal de Homicidios Carlos Torres, quien se encuentra de turno.\u00a0<strong>En las pr\u00f3ximas horas iba a recibir un informe preliminar de la necropsia para conocer las causas del deceso.<\/strong><\/p>\n\n\n\n<p>Por lo que aportaron las fuentes, se\u00a0<strong>presentaron unos videos que sirvieron como prueba<\/strong>. Sin embargo, en principio, no ser\u00edan esclarecedores. Tanto el Ministerio P\u00fablico como la IGS iniciaron investigaciones penales y administrativas correspondientes, respectivamente, para\u00a0<strong>conocer el contexto en el que ocurri\u00f3 el hecho y si existi\u00f3 delito.<\/strong><\/p>\n\n\n\n<p>Ante esto, citar\u00e1n en las pr\u00f3ximas horas a una mujer se encontraba acompa\u00f1ando a la persona fallecida para que ampl\u00ede lo que detall\u00f3 en un principio.\u00a0<strong>El polic\u00eda, por lo que aclararon las fuentes, no fue aprehendido.<\/strong><\/p>\n\n\n\n<p><strong>Fuente: www.elsol.com.ar<\/strong><\/p>\n","protected":false},"excerpt":{"rendered":"<p>La&nbsp;Justicia y la Inspecci\u00f3n General de Seguridad (IGS)&nbsp;investigan desde este jueves un confuso hecho ocurrido durante un conflicto entre familias y posterior operativo policial que termin\u00f3 con hombre fallecido en el departamento de Las Heras. La informaci\u00f3n inicial del caso sostiene que el caso\u00a0ocurri\u00f3 la madrugada en calle Doctor Moreno.\u00a0Hubo un llamado al 911 por [&hellip;]<\/p>\n","protected":false},"author":2,"featured_media":9394,"comment_status":"open","ping_status":"open","sticky":false,"template":"","format":"standard","meta":[],"categories":[48],"tags":[],"_links":{"self":[{"href":"https:\/\/pasaenmendoza.com\/index.php?rest_route=\/wp\/v2\/posts\/9393"}],"collection":[{"href":"https:\/\/pasaenmendoza.com\/index.php?rest_route=\/wp\/v2\/posts"}],"about":[{"href":"https:\/\/pasaenmendoza.com\/index.php?rest_route=\/wp\/v2\/types\/post"}],"author":[{"embeddable":true,"href":"https:\/\/pasaenmendoza.com\/index.php?rest_route=\/wp\/v2\/users\/2"}],"replies":[{"embeddable":true,"href":"https:\/\/pasaenmendoza.com\/index.php?rest_route=%2Fwp%2Fv2%2Fcomments&post=9393"}],"version-history":[{"count":1,"href":"https:\/\/pasaenmendoza.com\/index.php?rest_route=\/wp\/v2\/posts\/9393\/revisions"}],"predecessor-version":[{"id":9395,"href":"https:\/\/pasaenmendoza.com\/index.php?rest_route=\/wp\/v2\/posts\/9393\/revisions\/9395"}],"wp:featuredmedia":[{"embeddable":true,"href":"https:\/\/pasaenmendoza.com\/index.php?rest_route=\/wp\/v2\/media\/9394"}],"wp:attachment":[{"href":"https:\/\/pasaenmendoza.com\/index.php?rest_route=%2Fwp%2Fv2%2Fmedia&parent=9393"}],"wp:term":[{"taxonomy":"category","embeddable":true,"href":"https:\/\/pasaenmendoza.com\/index.php?rest_route=%2Fwp%2Fv2%2Fcategories&post=9393"},{"taxonomy":"post_tag","embeddable":true,"href":"https:\/\/pasaenmendoza.com\/index.php?rest_route=%2Fwp%2Fv2%2Ftags&post=9393"}],"curies":[{"name":"wp","href":"https:\/\/api.w.org\/{rel}","templated":true}]}}