{"id":9396,"date":"2024-10-03T15:24:08","date_gmt":"2024-10-03T13:24:08","guid":{"rendered":"https:\/\/pasaenmendoza.com\/?p=9396"},"modified":"2024-10-03T15:24:10","modified_gmt":"2024-10-03T13:24:10","slug":"echo-a-sus-inquilinos-y-regresaron-para-robarle-y-matarlo-las-pruebas-en-la-causa","status":"publish","type":"post","link":"https:\/\/pasaenmendoza.com\/?p=9396","title":{"rendered":"Ech\u00f3 a sus inquilinos y regresaron para robarle y matarlo: las pruebas en la causa"},"content":{"rendered":"\n<p>A mediados de agosto pasado se dio uno de los fines de semana m\u00e1s violento de los \u00faltimos a\u00f1os en Mendoza ya que se registraron cinco asesinatos. Casi todos los hechos fueron relacionados a ajustes de cuentas, excepto el de\u00a0<strong>Juan Agust\u00edn Garc\u00eda<\/strong>\u00a0(77), quien fue\u00a0v\u00edctima de un robo en su casa ubicada en\u00a0<strong>Godoy Cruz<\/strong>.<\/p>\n\n\n\n<p>Pero no solo eso, sino que tambi\u00e9n los autores del&nbsp;<strong>crimen&nbsp;<\/strong>lo habr\u00edan concretado motivados por venganza, seg\u00fan la teor\u00eda de la Fiscal\u00eda de Homicidios, que ahora exhibi\u00f3 todas las pruebas ante una jueza.<\/p>\n\n\n\n<p>Luego de varios d\u00edas sin contestar, el 18 de agosto pasado el jubilado fue encontrado sin vida y maniatado en su casa ubicada en el barrio La Esperanza. Inmediatamente la investigaci\u00f3n apunt\u00f3 a un robo ya que en la casa faltaban varios elementos de valor\u00a0<em>-ver m\u00e1s abajo-.<\/em>\u00a0D\u00edas despu\u00e9s detuvieron a tres sospechosos:<strong>\u00a0Lucas Leonel D\u00edaz P\u00e9rez (23), Mart\u00edn Rolando Ezequiel L\u00f3pez (33)<\/strong>\u00a0y otro que finalmente termin\u00f3 desvinculado.<\/p>\n\n\n\n<p>Este martes se realiz\u00f3 una audiencia motiva porque el fiscal de Homicidios Gustavo Pirrello solicit\u00f3 la prisi\u00f3n preventiva contra los dos hombres, que est\u00e1n imputados por homicidio criminis causa y robo simple, por lo que arriesgan una potencial condena a prisi\u00f3n perpetua.<\/p>\n\n\n\n<p>La jueza Cristina Pietrasanta escuch\u00f3 los argumentos del magistrado, dispuso un cuarto intermedio para continuar con la exposici\u00f3n de las defensas en los pr\u00f3ximos d\u00edas y luego resolver si continuar\u00e1n alojados en la penitenciar\u00eda por el&nbsp;<strong>crimen<\/strong>.<\/p>\n\n\n\n<h2 class=\"wp-block-heading\">Las pruebas del crimen en Godoy Cruz<\/h2>\n\n\n\n<p>Los testigos, el trabajo cient\u00edfico y escuchas telef\u00f3nicas son las tres claves para sostener la acusaci\u00f3n por parte de la Fiscal\u00eda.<\/p>\n\n\n\n<p>Desde un primer momento, el propio hijo de<strong>\u00a0Juan Agust\u00edn Garc\u00eda<\/strong>\u00a0declar\u00f3 que sospechaba de\u00a0<strong>Mart\u00edn L\u00f3pez<\/strong>, un amigo suyo que desde hace algunos d\u00edas viv\u00eda junto a su pareja como inquilinos en la casa de la v\u00edctima fatal pero los hab\u00edan echado ya que no les gustaba el estilo de vida que llevaban.<\/p>\n\n\n\n<p>Por ende ya sab\u00edan que el jubilado viv\u00eda s\u00f3lo, los elementos que ten\u00eda dentro del lugar y adem\u00e1s que padec\u00eda ciertas dificultades motrices por haber sufrido algunos accidentes cerebro vasculares a\u00f1os atr\u00e1s.<\/p>\n\n\n\n<p>La segunda pista importante fueron las im\u00e1genes de las c\u00e1maras de seguridad que captaron a dos hombres saliendo de la casa ubicada en&nbsp;<strong>Godoy Cruz&nbsp;<\/strong>con un carrito de supermercado cargado con un televisor y un equipo de m\u00fasica.<\/p>\n\n\n\n<p>Pero la prueba clave fue un estudio que realiz\u00f3 el Laboratorio de Huellas Gen\u00e9ticas Forenses sobre distintos rastros de ADN que se encontraron en el lugar del&nbsp;<strong>crimen<\/strong>, particularmente en las sogas con las cuales maniataron a<strong>&nbsp;Juan Agust\u00edn Garc\u00eda<\/strong>.<\/p>\n\n\n\n<p>El cotejo arroj\u00f3 match con<strong>\u00a0Lucas D\u00edaz<\/strong>, cuyo perfil ya estaba cargado en la base de datos porque tiene antecedentes penales. Tras ser detenido, su propia pareja declar\u00f3 en la causa y dijo que el sospechoso le confes\u00f3 que &#8220;se hab\u00eda mandado una cagada&#8221; y que no sab\u00eda qu\u00e9 hacer, luego de ver la noticia en la televisi\u00f3n sobre el crimen del jubilado.<\/p>\n\n\n\n<p>En tanto que se intervinieron los tel\u00e9fonos de los sospechosos y sus entornos. En esas escuchas se detect\u00f3 que\u00a0<strong>Mart\u00edn L\u00f3pez<\/strong>\u00a0hablaba sobre el\u00a0<strong>crimen<\/strong>\u00a0con su novia y su hermana, donde dec\u00eda que su presunto c\u00f3mplice hab\u00eda sido capturado por &#8220;boc\u00f3n&#8221; y que probablemente lo iba a &#8220;botonear&#8221;.<\/p>\n\n\n\n<p><strong>Fuente: www.diariouno.com.ar<\/strong><\/p>\n","protected":false},"excerpt":{"rendered":"<p>A mediados de agosto pasado se dio uno de los fines de semana m\u00e1s violento de los \u00faltimos a\u00f1os en Mendoza ya que se registraron cinco asesinatos. Casi todos los hechos fueron relacionados a ajustes de cuentas, excepto el de\u00a0Juan Agust\u00edn Garc\u00eda\u00a0(77), quien fue\u00a0v\u00edctima de un robo en su casa ubicada en\u00a0Godoy Cruz. Pero no [&hellip;]<\/p>\n","protected":false},"author":2,"featured_media":9397,"comment_status":"open","ping_status":"open","sticky":false,"template":"","format":"standard","meta":[],"categories":[48],"tags":[],"_links":{"self":[{"href":"https:\/\/pasaenmendoza.com\/index.php?rest_route=\/wp\/v2\/posts\/9396"}],"collection":[{"href":"https:\/\/pasaenmendoza.com\/index.php?rest_route=\/wp\/v2\/posts"}],"about":[{"href":"https:\/\/pasaenmendoza.com\/index.php?rest_route=\/wp\/v2\/types\/post"}],"author":[{"embeddable":true,"href":"https:\/\/pasaenmendoza.com\/index.php?rest_route=\/wp\/v2\/users\/2"}],"replies":[{"embeddable":true,"href":"https:\/\/pasaenmendoza.com\/index.php?rest_route=%2Fwp%2Fv2%2Fcomments&post=9396"}],"version-history":[{"count":1,"href":"https:\/\/pasaenmendoza.com\/index.php?rest_route=\/wp\/v2\/posts\/9396\/revisions"}],"predecessor-version":[{"id":9398,"href":"https:\/\/pasaenmendoza.com\/index.php?rest_route=\/wp\/v2\/posts\/9396\/revisions\/9398"}],"wp:featuredmedia":[{"embeddable":true,"href":"https:\/\/pasaenmendoza.com\/index.php?rest_route=\/wp\/v2\/media\/9397"}],"wp:attachment":[{"href":"https:\/\/pasaenmendoza.com\/index.php?rest_route=%2Fwp%2Fv2%2Fmedia&parent=9396"}],"wp:term":[{"taxonomy":"category","embeddable":true,"href":"https:\/\/pasaenmendoza.com\/index.php?rest_route=%2Fwp%2Fv2%2Fcategories&post=9396"},{"taxonomy":"post_tag","embeddable":true,"href":"https:\/\/pasaenmendoza.com\/index.php?rest_route=%2Fwp%2Fv2%2Ftags&post=9396"}],"curies":[{"name":"wp","href":"https:\/\/api.w.org\/{rel}","templated":true}]}}