{"id":940,"date":"2023-08-25T15:48:09","date_gmt":"2023-08-25T13:48:09","guid":{"rendered":"https:\/\/pasaenmendoza.com\/?p=940"},"modified":"2023-08-25T15:48:10","modified_gmt":"2023-08-25T13:48:10","slug":"un-menor-fue-detenido-por-robarle-a-una-ciclista-en-el-parque","status":"publish","type":"post","link":"https:\/\/pasaenmendoza.com\/?p=940","title":{"rendered":"Un menor fue detenido por robarle a una ciclista en el Parque"},"content":{"rendered":"\n<p><strong>Un menor de 16 a\u00f1os fue detenido relacionado con un violento robo a mano armada que tuvo lugar en Ciudad.\u00a0<\/strong><\/p>\n\n\n\n<p>La v\u00edctima, identificada como R.M. R de 44 a\u00f1os, sufri\u00f3 un\u00a0<strong>asalto en plena v\u00eda p\u00fablica mientras circulaba en su bicicleta<\/strong>\u00a0por la Calle San Francisco de As\u00eds en el<strong>\u00a0Parque San Mart\u00edn de Ciudad.<\/strong><\/p>\n\n\n\n<p>El incidente tuvo lugar\u00a0<strong>alrededor de las 15:15 horas,<\/strong>\u00a0en una zona que normalmente es transitada por peatones y ciclistas. La mujer fue interceptada por\u00a0<strong>tres individuos, uno de ellos portaba un arma de fuego,<\/strong>\u00a0la amenazaron y le arrebataron su bicicleta, una VOLTA RODADO 29 de color naranja. Luego huyeron.<\/p>\n\n\n\n<p>La v\u00edctima llam\u00f3 inmediatamente al 911 y pudo aportar una\u00a0<strong>descripci\u00f3n detallada de los agresores y de la bicicleta robada<\/strong>. Con esa informaci\u00f3n, la polic\u00eda logr\u00f3 identificar a uno de los asaltantes. Result\u00f3 ser el menor que termin\u00f3 detenido.\u00a0<\/p>\n\n\n\n<p><strong>Fuente: www.mendozapost.com<\/strong><\/p>\n","protected":false},"excerpt":{"rendered":"<p>Un menor de 16 a\u00f1os fue detenido relacionado con un violento robo a mano armada que tuvo lugar en Ciudad.\u00a0 La v\u00edctima, identificada como R.M. R de 44 a\u00f1os, sufri\u00f3 un\u00a0asalto en plena v\u00eda p\u00fablica mientras circulaba en su bicicleta\u00a0por la Calle San Francisco de As\u00eds en el\u00a0Parque San Mart\u00edn de Ciudad. El incidente tuvo [&hellip;]<\/p>\n","protected":false},"author":2,"featured_media":941,"comment_status":"open","ping_status":"open","sticky":false,"template":"","format":"standard","meta":[],"categories":[48],"tags":[],"_links":{"self":[{"href":"https:\/\/pasaenmendoza.com\/index.php?rest_route=\/wp\/v2\/posts\/940"}],"collection":[{"href":"https:\/\/pasaenmendoza.com\/index.php?rest_route=\/wp\/v2\/posts"}],"about":[{"href":"https:\/\/pasaenmendoza.com\/index.php?rest_route=\/wp\/v2\/types\/post"}],"author":[{"embeddable":true,"href":"https:\/\/pasaenmendoza.com\/index.php?rest_route=\/wp\/v2\/users\/2"}],"replies":[{"embeddable":true,"href":"https:\/\/pasaenmendoza.com\/index.php?rest_route=%2Fwp%2Fv2%2Fcomments&post=940"}],"version-history":[{"count":1,"href":"https:\/\/pasaenmendoza.com\/index.php?rest_route=\/wp\/v2\/posts\/940\/revisions"}],"predecessor-version":[{"id":942,"href":"https:\/\/pasaenmendoza.com\/index.php?rest_route=\/wp\/v2\/posts\/940\/revisions\/942"}],"wp:featuredmedia":[{"embeddable":true,"href":"https:\/\/pasaenmendoza.com\/index.php?rest_route=\/wp\/v2\/media\/941"}],"wp:attachment":[{"href":"https:\/\/pasaenmendoza.com\/index.php?rest_route=%2Fwp%2Fv2%2Fmedia&parent=940"}],"wp:term":[{"taxonomy":"category","embeddable":true,"href":"https:\/\/pasaenmendoza.com\/index.php?rest_route=%2Fwp%2Fv2%2Fcategories&post=940"},{"taxonomy":"post_tag","embeddable":true,"href":"https:\/\/pasaenmendoza.com\/index.php?rest_route=%2Fwp%2Fv2%2Ftags&post=940"}],"curies":[{"name":"wp","href":"https:\/\/api.w.org\/{rel}","templated":true}]}}