{"id":9405,"date":"2024-10-03T22:28:56","date_gmt":"2024-10-03T20:28:56","guid":{"rendered":"https:\/\/pasaenmendoza.com\/?p=9405"},"modified":"2024-10-03T22:28:57","modified_gmt":"2024-10-03T20:28:57","slug":"cobos-y-otros-17-diputados-pidieron-una-sesion-para-revertir-el-veto-a-la-ley-de-financiamiento-universitario","status":"publish","type":"post","link":"https:\/\/pasaenmendoza.com\/?p=9405","title":{"rendered":"Cobos y otros 17 diputados pidieron una sesi\u00f3n para revertir el veto a la Ley de Financiamiento Universitario"},"content":{"rendered":"\n<p>El diputado mendocino,\u00a0<strong>Julio Cobos<\/strong>, junto a 17 diputados m\u00e1s, pidi\u00f3 una<strong>\u00a0sesi\u00f3n especial para el pr\u00f3ximo mi\u00e9rcoles a las 11<\/strong>, con el fin de tratar con urgencia el veto a la\u00a0<strong>Ley de Financiamiento Universitario<\/strong>. El art\u00edculo 83 de la Constituci\u00f3n Nacional ampara a los legisladores para revocar el veto presidencial.<\/p>\n\n\n\n<p>El proyecto regresar\u00eda a la primera c\u00e1mara, Diputados, donde necesitar\u00eda una<strong>&nbsp;mayor\u00eda calificada de dos tercios de los presentes para insistir en la promulgaci\u00f3n<\/strong>&nbsp;de la iniciativa que busca, entre otras cosas, actualizar el presupuesto de las universidades a partir del 1 de enero de 2024, teniendo en cuenta la inflaci\u00f3n anual de 2023, que alcanz\u00f3 el 211,4%, as\u00ed como una recomposici\u00f3n salarial para docentes y no docentes.<\/p>\n\n\n\n<p>El pedido fue<strong>\u00a0dirigido al presidente de la C\u00e1mara de Diputados, Mart\u00edn Menem<\/strong>, y cuenta con las firmas de, adem\u00e1s de Cobos, los diputados Rodrigo de Loredo, Danya Tavela, Mario Barletta, Carla Carizo, Melina Giorgi, Marcela Antola, Mariela Coletta, Jorge Rizzotti, Marcela Coli, Pablo Juliano, Gabriela Bouwer de Koning, Mart\u00edn Tetaz, Fabio Quetglas, Facundo Manes, Manuel Ignacio Aguirre, Juan Carlos Polini y Natalia Sarapura.<\/p>\n\n\n\n<figure class=\"wp-block-image\"><img decoding=\"async\" src=\"https:\/\/media.diariouno.com.ar\/p\/5c8b5b845ebcfd85bd535aea4ec47aa7\/adjuntos\/298\/imagenes\/009\/417\/0009417922\/1200x0\/smart\/pedido-sesion-especial-cobosjpeg.jpeg\" alt=\"\" title=\"\"\/><\/figure>\n\n\n\n<p>Al menos por ahora, no acompa\u00f1aron el pedido los diputados mendocinos Lisandro Nieri y Pamela Verasay.<\/p>\n\n\n\n<h2 class=\"wp-block-heading\">El presidente Javier Milei vet\u00f3 la Ley de Presupuesto Financiero<\/h2>\n\n\n\n<p>El presidente\u00a0<strong>Javier Milei<\/strong>\u00a0vet\u00f3\u00a0<strong>la Ley de Financiamiento Universitario<\/strong>\u00a0y advirti\u00f3 que har\u00e1 lo mismo con &#8220;cualquier otro proyecto que no contemple una partida presupuestaria espec\u00edfica y atente contra el equilibrio fiscal&#8221;.<\/p>\n\n\n\n<p>La decisi\u00f3n se public\u00f3 este jueves en el&nbsp;<strong>Bolet\u00edn Oficial<\/strong>, horas despu\u00e9s de la masiva movilizaci\u00f3n que se realiz\u00f3 en el Congreso y diversos sitios del pa\u00eds, entre ellos Mendoza, en contra el veto que ya hab\u00eda anticipado Milei.<\/p>\n\n\n\n<p>&#8220;La Oficina del Presidente informa que el presidente&nbsp;<strong>Javier Milei vetar\u00e1 el irresponsable proyecto de aumento del gasto p\u00fablico<\/strong>&nbsp;de las universidades nacionales, aprobado por el Congreso, as\u00ed como cualquier otro proyecto que no contemple una partida presupuestaria espec\u00edfica y atente contra el equilibrio fiscal&#8221;, arranc\u00f3 el comunicado que difundi\u00f3 el gobierno por medio de sus redes sociales en la tarde del mi\u00e9rcoles.<\/p>\n\n\n\n<p>Asimismo, a\u00f1adi\u00f3: &#8220;Es momento de que los legisladores entiendan que ya no pueden hacer populismo demag\u00f3gico con los recursos de quienes pagan los impuestos, y comiencen a actuar con la responsabilidad que demanda este momento hist\u00f3rico. El lugar adecuado para discutir el financiamiento de las universidades es el debate del<strong>&nbsp;Presupuesto Nacional 2025<\/strong>&#8220;.<\/p>\n\n\n\n<p>&#8220;El gobierno reafirma su compromiso con las&nbsp;<strong>universidades nacionales<\/strong>, al igual que con la defensa del esfuerzo que cada uno de los argentinos viene realizando desde diciembre para<strong>&nbsp;alcanzar el d\u00e9ficit cero,&nbsp;<\/strong>reducir la inflaci\u00f3n y recuperar la prosperidad econ\u00f3mica&#8221;, indic\u00f3 el texto de la Oficina del Presidente en X.<\/p>\n\n\n\n<h2 class=\"wp-block-heading\">\u00bfQu\u00e9 es la Ley de Presupuesto Financiero que vet\u00f3 Javier Milei?<\/h2>\n\n\n\n<p>La norma obliga al Poder Ejecutivo a actualizar las partidas presupuestarias para actualizar los salarios de docentes y no docentes, cubrir gastos de funcionamiento, proyectos especiales, programas de Ciencia y Tecnolog\u00eda, Extensi\u00f3n Universitaria y extensi\u00f3n en las universidades.<\/p>\n\n\n\n<p>En cuanto a salarios, la iniciativa establece la obligatoriedad de recomponer lo perdido desde el 1 de enero de 2024 y luego actualizar hasta el 31 de diciembre de forma mensual de acuerdo a la variaci\u00f3n de precios informada por el INDEC.<\/p>\n\n\n\n<p>Para el resto de los \u00edtems se estipula una actualizaci\u00f3n bimestral.<\/p>\n\n\n\n<p>La ley, de no vetarse, generar\u00eda un impacto fiscal de\u00a0<strong>735.598 millones de pesos<\/strong>, lo que implica el 0,14 por ciento del PBI, seg\u00fan inform\u00f3 la Oficina de Presupuesto del Congreso.<\/p>\n\n\n\n<p><strong>Fuente: www.diariouno.com.ar<\/strong><\/p>\n","protected":false},"excerpt":{"rendered":"<p>El diputado mendocino,\u00a0Julio Cobos, junto a 17 diputados m\u00e1s, pidi\u00f3 una\u00a0sesi\u00f3n especial para el pr\u00f3ximo mi\u00e9rcoles a las 11, con el fin de tratar con urgencia el veto a la\u00a0Ley de Financiamiento Universitario. El art\u00edculo 83 de la Constituci\u00f3n Nacional ampara a los legisladores para revocar el veto presidencial. El proyecto regresar\u00eda a la primera [&hellip;]<\/p>\n","protected":false},"author":2,"featured_media":9406,"comment_status":"open","ping_status":"open","sticky":false,"template":"","format":"standard","meta":[],"categories":[56],"tags":[],"_links":{"self":[{"href":"https:\/\/pasaenmendoza.com\/index.php?rest_route=\/wp\/v2\/posts\/9405"}],"collection":[{"href":"https:\/\/pasaenmendoza.com\/index.php?rest_route=\/wp\/v2\/posts"}],"about":[{"href":"https:\/\/pasaenmendoza.com\/index.php?rest_route=\/wp\/v2\/types\/post"}],"author":[{"embeddable":true,"href":"https:\/\/pasaenmendoza.com\/index.php?rest_route=\/wp\/v2\/users\/2"}],"replies":[{"embeddable":true,"href":"https:\/\/pasaenmendoza.com\/index.php?rest_route=%2Fwp%2Fv2%2Fcomments&post=9405"}],"version-history":[{"count":1,"href":"https:\/\/pasaenmendoza.com\/index.php?rest_route=\/wp\/v2\/posts\/9405\/revisions"}],"predecessor-version":[{"id":9407,"href":"https:\/\/pasaenmendoza.com\/index.php?rest_route=\/wp\/v2\/posts\/9405\/revisions\/9407"}],"wp:featuredmedia":[{"embeddable":true,"href":"https:\/\/pasaenmendoza.com\/index.php?rest_route=\/wp\/v2\/media\/9406"}],"wp:attachment":[{"href":"https:\/\/pasaenmendoza.com\/index.php?rest_route=%2Fwp%2Fv2%2Fmedia&parent=9405"}],"wp:term":[{"taxonomy":"category","embeddable":true,"href":"https:\/\/pasaenmendoza.com\/index.php?rest_route=%2Fwp%2Fv2%2Fcategories&post=9405"},{"taxonomy":"post_tag","embeddable":true,"href":"https:\/\/pasaenmendoza.com\/index.php?rest_route=%2Fwp%2Fv2%2Ftags&post=9405"}],"curies":[{"name":"wp","href":"https:\/\/api.w.org\/{rel}","templated":true}]}}