{"id":9411,"date":"2024-10-03T22:43:01","date_gmt":"2024-10-03T20:43:01","guid":{"rendered":"https:\/\/pasaenmendoza.com\/?p=9411"},"modified":"2024-10-03T22:43:02","modified_gmt":"2024-10-03T20:43:02","slug":"sturzenegger-considero-que-una-decision-de-cornejo-revolucionara-el-mercado-de-medicamentos-en-argentina","status":"publish","type":"post","link":"https:\/\/pasaenmendoza.com\/?p=9411","title":{"rendered":"Sturzenegger consider\u00f3 que una decisi\u00f3n de Cornejo &#8220;revolucionar\u00e1 el mercado de medicamentos en Argentina&#8221;"},"content":{"rendered":"\n<p>El ministro de Desregulaci\u00f3n de la Naci\u00f3n,\u00a0<strong>Federico Sturzenegger<\/strong>, anticip\u00f3 este jueves que\u00a0<strong>Mendoza<\/strong>\u00a0ser\u00e1 protagonista de una medida que &#8220;revolucionar\u00e1 el mercado de los\u00a0<strong>medicamentos<\/strong>\u00a0en Argentina&#8221;.<\/p>\n\n\n\n<p>La noticia se relaciona con las gestiones que se hab\u00edan iniciado desde la provincia para&nbsp;<strong>adquirir esos productos<\/strong>&nbsp;de forma independiente en el mercado internacional, buscando mejores precios y agrupando las demandas de distintos sectores del Estado local para&nbsp;<strong>negociar con perfil propio&nbsp;<\/strong>desde una postura m\u00e1s fuerte.<\/p>\n\n\n\n<figure class=\"wp-block-image\"><img decoding=\"async\" src=\"https:\/\/media.diariouno.com.ar\/p\/53e5c7604d3c652d42598e63c364d33d\/adjuntos\/298\/imagenes\/009\/417\/0009417700\/1200x0\/smart\/sturzenegger-cornejojpg.jpg\" alt=\"El posteo de Sturzenegger en la red social X.&nbsp;\" title=\"El posteo de Sturzenegger en la red social X.&nbsp;\"\/><\/figure>\n\n\n\n<p>El posteo de Sturzenegger en la red social X.<\/p>\n\n\n\n<p>&#8220;En las pr\u00f3ximas horas el gobernador&nbsp;<strong>Alfredo Cornejo<\/strong>&nbsp;recibir\u00e1 una carta del Ministro de Salud (Mario Lugones) que revolucionar\u00e1 el mercado de medicamentos en Argentina&#8221;, escribi\u00f3 Sturzenegger en su perfil de X.<\/p>\n\n\n\n<p>Y sigui\u00f3: &#8220;La carta de Lugones confirmar\u00e1 que la Ley 16.463 de Medicamentos establece la<strong>&nbsp;jurisdicci\u00f3n provincial para la importaci\u00f3n, uso y comercializaci\u00f3n de medicamentos<\/strong>&#8220;.<\/p>\n\n\n\n<p><strong>&#8220;En espa\u00f1ol, esto quiere decir que el gobernador no tiene necesidad de autorizaci\u00f3n nacional para importar ning\u00fan tipo de medicamentos&#8221; (Sturzenegger).<\/strong><\/p>\n\n\n\n<h2 class=\"wp-block-heading\">El plan de Cornejo y los elogios de Sturzenegger<\/h2>\n\n\n\n<p>Seg\u00fan record\u00f3 el ministro nacional, Cornejo &#8220;est\u00e1 planificando&nbsp;<strong>comprar medicamentos de India<\/strong>&#8220;, lo que -estima- &#8220;generar\u00e1 una ca\u00edda abrupta en el costo de los medicamentos en su provincia&#8221;.<\/p>\n\n\n\n<p>Adem\u00e1s, Sturzenegger observ\u00f3 que &#8220;por el&nbsp;<strong>alto costo de los medicamentos<\/strong>, la adherencia a tratamientos en Argentina es de solo el 30%&#8221;.<\/p>\n\n\n\n<p>&#8220;Esto en el \u00fanico pa\u00eds del mundo donde miles de dosis se vencen en sus cajas sin utilizar -continu\u00f3 Sturzenegger-.\u00a0<strong>Desde 2016 el costo de los medicamentos se ha duplicado en Argentina<\/strong>\u00a0en relaci\u00f3n con EEUU. La reducci\u00f3n del precio de medicamentos es un objetivo obvio del\u00a0<strong>Ministerio de Desregulaci\u00f3n<\/strong>&#8220;.<\/p>\n\n\n\n<figure class=\"wp-block-image\"><img decoding=\"async\" src=\"https:\/\/media.diariouno.com.ar\/p\/6e614f8e0cdee601fe3f5fecfdc35518\/adjuntos\/298\/imagenes\/009\/417\/0009417682\/1200x0\/smart\/precios-medicamentos-sturzeneggerjpg.jpg\" alt=\"La evoluci&oacute;n de los precios, seg&uacute;n un gr&aacute;fico que difundi&oacute; el ministro Sturzenegger.&nbsp;\" title=\"La evoluci&oacute;n de los precios, seg&uacute;n un gr&aacute;fico que difundi&oacute; el ministro Sturzenegger.&nbsp;\"\/><\/figure>\n\n\n\n<p>La evoluci\u00f3n de los precios, seg\u00fan un gr\u00e1fico que difundi\u00f3 el ministro Sturzenegger.<\/p>\n\n\n\n<p>Y cerr\u00f3: &#8220;Las reformas necesitan de marco legal pero tambi\u00e9n de&nbsp;<strong>personas que se animen a cambiar&nbsp;<\/strong>las cosas. Hoy Alfredo Cornejo, Mario Lugones -y tambi\u00e9n Mario Russo, que ven\u00eda trabajando en la misma l\u00ednea- son los h\u00e9roes del d\u00eda&#8221;.<\/p>\n\n\n\n<h2 class=\"wp-block-heading\">Los c\u00e1lculos que hacen en Mendoza<\/h2>\n\n\n\n<p>En la provincia ya sacan cuentas para ver cu\u00e1les podr\u00edan ser los beneficios de conseguir&nbsp;<strong>medicamentos<\/strong>&nbsp;en el mercado internacional.<\/p>\n\n\n\n<p><strong>\u00bfPor qu\u00e9 se habla de la India?<\/strong>&nbsp;Porque el pa\u00eds asi\u00e1tico posee capacidad de fabricar a gran escala a&nbsp;<strong>costos significativamente m\u00e1s bajos<\/strong>, debido a una combinaci\u00f3n de factores como&nbsp;<strong>mano de obra barata<\/strong>, un s\u00f3lido marco de investigaci\u00f3n y desarrollo, y una infraestructura industrial consolidada. Adem\u00e1s, su sistema de patentes hasta 2005&nbsp;<strong>no reconoc\u00eda patentes<\/strong>&nbsp;de productos farmac\u00e9uticos, lo que permiti\u00f3 a las empresas indias producir<strong>&nbsp;versiones gen\u00e9ricas<\/strong>&nbsp;de medicamentos de marca.<\/p>\n\n\n\n<p>De todos modos,\u00a0<strong>India no es la \u00fanica opci\u00f3n<\/strong>. Podr\u00eda haber otras. Como sea, en el Ministerio de Salud que conduce\u00a0<strong>Rodolfo Montero<\/strong>\u00a0creen que la provincia podr\u00eda ahorrar\u00a0<strong>700 mil d\u00f3lares anuales<\/strong>\u00a0si sale a negociar.<\/p>\n\n\n\n<p>\u201cEstamos trabajando en un proyecto s\u00faper ambicioso que es la&nbsp;<strong>desregulaci\u00f3n de los medicamentos<\/strong>. Estamos tratando de traer los que ya se adquieren en Europa, en Estados Unidos, y produce la industria de medicamentos de la India, que son&nbsp;<strong>de la misma calidad<\/strong>&nbsp;que los que se producen en Argentina y en el mundo\u201d, asever\u00f3 el gobernador durante la \u00faltima&nbsp;<strong>Convenci\u00f3n Anual del Instituto Argentino de Ejecutivos de Finanzas (IAEF)<\/strong>&nbsp;que se hizo en Mendoza.<\/p>\n\n\n\n<p>El mandatario a\u00f1adi\u00f3 que los laboratorios indios\u00a0<strong>cobran hasta un 10% de lo que otros pretenden cobrar en Argentina<\/strong>. En consecuencia, siempre dentro de su l\u00ednea de reflexi\u00f3n, una compra masiva de remedios a la India redundar\u00eda en mejorar el acceso a las prestaciones en el\u00a0<strong>sistema p\u00fablico<\/strong>\u00a0de salud.<\/p>\n\n\n\n<p><strong>Fuente: www.diariouno.com.ar<\/strong><\/p>\n","protected":false},"excerpt":{"rendered":"<p>El ministro de Desregulaci\u00f3n de la Naci\u00f3n,\u00a0Federico Sturzenegger, anticip\u00f3 este jueves que\u00a0Mendoza\u00a0ser\u00e1 protagonista de una medida que &#8220;revolucionar\u00e1 el mercado de los\u00a0medicamentos\u00a0en Argentina&#8221;. La noticia se relaciona con las gestiones que se hab\u00edan iniciado desde la provincia para&nbsp;adquirir esos productos&nbsp;de forma independiente en el mercado internacional, buscando mejores precios y agrupando las demandas de distintos [&hellip;]<\/p>\n","protected":false},"author":2,"featured_media":9412,"comment_status":"open","ping_status":"open","sticky":false,"template":"","format":"standard","meta":[],"categories":[47],"tags":[],"_links":{"self":[{"href":"https:\/\/pasaenmendoza.com\/index.php?rest_route=\/wp\/v2\/posts\/9411"}],"collection":[{"href":"https:\/\/pasaenmendoza.com\/index.php?rest_route=\/wp\/v2\/posts"}],"about":[{"href":"https:\/\/pasaenmendoza.com\/index.php?rest_route=\/wp\/v2\/types\/post"}],"author":[{"embeddable":true,"href":"https:\/\/pasaenmendoza.com\/index.php?rest_route=\/wp\/v2\/users\/2"}],"replies":[{"embeddable":true,"href":"https:\/\/pasaenmendoza.com\/index.php?rest_route=%2Fwp%2Fv2%2Fcomments&post=9411"}],"version-history":[{"count":1,"href":"https:\/\/pasaenmendoza.com\/index.php?rest_route=\/wp\/v2\/posts\/9411\/revisions"}],"predecessor-version":[{"id":9413,"href":"https:\/\/pasaenmendoza.com\/index.php?rest_route=\/wp\/v2\/posts\/9411\/revisions\/9413"}],"wp:featuredmedia":[{"embeddable":true,"href":"https:\/\/pasaenmendoza.com\/index.php?rest_route=\/wp\/v2\/media\/9412"}],"wp:attachment":[{"href":"https:\/\/pasaenmendoza.com\/index.php?rest_route=%2Fwp%2Fv2%2Fmedia&parent=9411"}],"wp:term":[{"taxonomy":"category","embeddable":true,"href":"https:\/\/pasaenmendoza.com\/index.php?rest_route=%2Fwp%2Fv2%2Fcategories&post=9411"},{"taxonomy":"post_tag","embeddable":true,"href":"https:\/\/pasaenmendoza.com\/index.php?rest_route=%2Fwp%2Fv2%2Ftags&post=9411"}],"curies":[{"name":"wp","href":"https:\/\/api.w.org\/{rel}","templated":true}]}}