{"id":9414,"date":"2024-10-04T14:11:37","date_gmt":"2024-10-04T12:11:37","guid":{"rendered":"https:\/\/pasaenmendoza.com\/?p=9414"},"modified":"2024-10-04T14:11:39","modified_gmt":"2024-10-04T12:11:39","slug":"el-tiempo-en-mendoza-viernes-con-ascenso-de-la-temperatura-y-vientos-leves","status":"publish","type":"post","link":"https:\/\/pasaenmendoza.com\/?p=9414","title":{"rendered":"El tiempo en Mendoza: viernes con ascenso de la temperatura y vientos leves"},"content":{"rendered":"\n<p>Este&nbsp;<strong>viernes&nbsp;<\/strong>arranca con \u201ccielo algo nublado con&nbsp;<strong>ascenso de la temperatura<\/strong>, vientos leves del noreste en el&nbsp;<strong>Gran Mendoza<\/strong>\u201c. Adem\u00e1s se prev\u00e9 buen tiempo en cordillera.<br><strong>La m\u00ednima ser\u00e1 de 9 grados y la m\u00e1xima llegar\u00eda a los 30.<\/strong><\/p>\n\n\n\n<p>Para el&nbsp;<strong>s\u00e1bad<\/strong>o, la&nbsp;<strong>Direcci\u00f3n de Contingencias Clim\u00e1ticas<\/strong>&nbsp;indica: \u201cCielo parcialmente nublado y ventoso, leve descenso de la temperatura. Inestable en cordillera\u201d.&nbsp;<strong>La m\u00ednima ser\u00e1 de 14 grados y la m\u00e1xima de 29.<\/strong><\/p>\n\n\n\n<p>En tanto, el\u00a0<strong>domingo<\/strong>\u00a0estar\u00e1 \u201cparcialmente nublado con poco cambio de la temperatura, vientos moderados del noreste. Inestable en cordillera\u201d.\u00a0<strong>La m\u00ednima ser\u00e1 de 4 grados y la m\u00e1xima de 28.<\/strong><\/p>\n\n\n\n<p><strong>Fuente: www.elsol.com.ar<\/strong><\/p>\n","protected":false},"excerpt":{"rendered":"<p>Este&nbsp;viernes&nbsp;arranca con \u201ccielo algo nublado con&nbsp;ascenso de la temperatura, vientos leves del noreste en el&nbsp;Gran Mendoza\u201c. Adem\u00e1s se prev\u00e9 buen tiempo en cordillera.La m\u00ednima ser\u00e1 de 9 grados y la m\u00e1xima llegar\u00eda a los 30. Para el&nbsp;s\u00e1bado, la&nbsp;Direcci\u00f3n de Contingencias Clim\u00e1ticas&nbsp;indica: \u201cCielo parcialmente nublado y ventoso, leve descenso de la temperatura. Inestable en cordillera\u201d.&nbsp;La m\u00ednima [&hellip;]<\/p>\n","protected":false},"author":2,"featured_media":9415,"comment_status":"open","ping_status":"open","sticky":false,"template":"","format":"standard","meta":[],"categories":[52],"tags":[],"_links":{"self":[{"href":"https:\/\/pasaenmendoza.com\/index.php?rest_route=\/wp\/v2\/posts\/9414"}],"collection":[{"href":"https:\/\/pasaenmendoza.com\/index.php?rest_route=\/wp\/v2\/posts"}],"about":[{"href":"https:\/\/pasaenmendoza.com\/index.php?rest_route=\/wp\/v2\/types\/post"}],"author":[{"embeddable":true,"href":"https:\/\/pasaenmendoza.com\/index.php?rest_route=\/wp\/v2\/users\/2"}],"replies":[{"embeddable":true,"href":"https:\/\/pasaenmendoza.com\/index.php?rest_route=%2Fwp%2Fv2%2Fcomments&post=9414"}],"version-history":[{"count":1,"href":"https:\/\/pasaenmendoza.com\/index.php?rest_route=\/wp\/v2\/posts\/9414\/revisions"}],"predecessor-version":[{"id":9416,"href":"https:\/\/pasaenmendoza.com\/index.php?rest_route=\/wp\/v2\/posts\/9414\/revisions\/9416"}],"wp:featuredmedia":[{"embeddable":true,"href":"https:\/\/pasaenmendoza.com\/index.php?rest_route=\/wp\/v2\/media\/9415"}],"wp:attachment":[{"href":"https:\/\/pasaenmendoza.com\/index.php?rest_route=%2Fwp%2Fv2%2Fmedia&parent=9414"}],"wp:term":[{"taxonomy":"category","embeddable":true,"href":"https:\/\/pasaenmendoza.com\/index.php?rest_route=%2Fwp%2Fv2%2Fcategories&post=9414"},{"taxonomy":"post_tag","embeddable":true,"href":"https:\/\/pasaenmendoza.com\/index.php?rest_route=%2Fwp%2Fv2%2Ftags&post=9414"}],"curies":[{"name":"wp","href":"https:\/\/api.w.org\/{rel}","templated":true}]}}