{"id":9427,"date":"2024-10-04T23:12:17","date_gmt":"2024-10-04T21:12:17","guid":{"rendered":"https:\/\/pasaenmendoza.com\/?p=9427"},"modified":"2024-10-04T23:12:18","modified_gmt":"2024-10-04T21:12:18","slug":"el-epre-adelanto-que-el-aumento-en-las-boletas-de-luz-de-los-mendocinos-sera-del-5-promedio","status":"publish","type":"post","link":"https:\/\/pasaenmendoza.com\/?p=9427","title":{"rendered":"El EPRE adelant\u00f3 que el aumento en las boletas de luz de los mendocinos ser\u00e1 del 5% promedio"},"content":{"rendered":"\n<p>Los usuarios del servicio de\u00a0<strong>luz\u00a0<\/strong>en Mendoza ver\u00e1n un\u00a0<strong>aumento\u00a0<\/strong>en sus boletas del 5% promedio. Desde el\u00a0<strong>EPRE\u00a0<\/strong>explicaron que se debe a los nuevos precios que estableci\u00f3 la Naci\u00f3n desde el 1 de octubre y al \u00faltimo tramo de actualizaci\u00f3n del componente provincial de la tarifa.<\/p>\n\n\n\n<p>En pesos, seg\u00fan el tipo de usuario del que se trate, las boletas llegar\u00e1n con subas mensuales de<strong>\u00a0entre $1.471 y $4.152<\/strong>, en promedio.<\/p>\n\n\n\n<h2 class=\"wp-block-heading\">La luz en Mendoza, nuevos precios pero con subsidios<\/h2>\n\n\n\n<p>El\u00a0<strong>EPRE\u00a0<\/strong>se\u00f1al\u00f3 que los nuevos precios de la\u00a0<strong>energ\u00eda\u00a0<\/strong>se aplican para los consumos desde el 1 de octubre. Lo que se actualiz\u00f3 por un lado fue el componente de la tarifa llamado Costo de abastecimiento, que es de jurisdicci\u00f3n nacional. Mientras que, por otro lado, se empieza a aplicar el \u00faltimo tramo de actualizaci\u00f3n del\u00a0<strong>Valor Agregado de Distribuci\u00f3n (VAD)<\/strong>, correspondiente al mes de agosto, que es el que maneja la provincia.<\/p>\n\n\n\n<p>El aumento nacional fue resuelto por la\u00a0<strong>Secretar\u00eda de Energ\u00eda<\/strong>\u00a0en la resoluci\u00f3n 283\/2024 que se public\u00f3 el pasado 30 de septiembre en el Bolet\u00edn Oficial, y que estableci\u00f3 los nuevos valores estacionales para la energ\u00eda y el transporte del 1 al 31 de octubre.<\/p>\n\n\n\n<p>A pesar de los incrementos, esa misma medida dispone que los usuarios categorizados en el servicio el\u00e9ctrico como Nivel 2 (ingresos bajos) y Nivel 3 (ingresos medios), mantendr\u00e1n una\u00a0<strong>bonificaci\u00f3n\u00a0<\/strong>en sus consumos hasta un\u00a0<strong>tope\u00a0<\/strong>m\u00e1ximo.<\/p>\n\n\n\n<p>En el caso de los categorizados en Nivel 2, la bonificaci\u00f3n seguir\u00e1 siendo del 72% respecto del precio de la energ\u00eda del Nivel 1, con un tope de&nbsp;<strong>consumo subsidiado<\/strong>&nbsp;hasta los 700 kWh\/Bimestrales (350kWh\/mes).<\/p>\n\n\n\n<p>Los Nivel 3 mantienen la bonificaci\u00f3n del 56% sobre ese precio, con un tope de&nbsp;<strong>consumo subsidiado<\/strong>&nbsp;hasta los 500 kWh\/bimestrales (250 kWh\/mes).<\/p>\n\n\n\n<p>En ambos casos, por el consumo excedente, es decir, el que se pase de los topes se pagar\u00e1 el precio del&nbsp;<strong>Nivel 1<\/strong>, que es el valor de la&nbsp;<strong>energ\u00eda sin subsidio<\/strong>.<\/p>\n\n\n\n<p>El\u00a0<strong>aumento provincial<\/strong>, en tanto, es el que se aplica por\u00a0autorizaci\u00f3n del decreto 1680\/2024 que sali\u00f3 en agosto y que dispon\u00eda que se actualizar\u00eda proporcionalmente en septiembre y en octubre\u00a0el componente local de la tarifa llamado Valor Agregado de Distribuci\u00f3n (VAD).<\/p>\n\n\n\n<h2 class=\"wp-block-heading\">C\u00f3mo quedan las tarifas de la luz en octubre para los mendocinos<\/h2>\n\n\n\n<p>Con estas dos subas, el EPRE calcul\u00f3 que el&nbsp;<strong>impacto promedio en tarifa con impuestos ser\u00e1 del 5%<\/strong>. Para tener un valor preciso, claro est\u00e1, en los casos particulares cada usuario tendr\u00e1 que tener en cuenta su tipo, categor\u00eda y consumo mensual desde el 1 de octubre.<\/p>\n\n\n\n<p>De todas maneras, siempre tomando un promedio, el Gobierno hizo un<strong>&nbsp;c\u00e1lculo aproximado del impacto<\/strong>&nbsp;en pesos.<\/p>\n\n\n\n<p>Para el caso de los&nbsp;<strong>usuarios residenciales<\/strong>, que representan el 85% del padr\u00f3n de usuarios, la variaci\u00f3n media ser\u00e1 del orden de:<\/p>\n\n\n\n<h3 class=\"wp-block-heading\">Residenciales T1R1 (hasta 299kWh bimestrales)<\/h3>\n\n\n\n<ul>\n<li>Nivel 1: $ 1.471 mensuales en promedio;<\/li>\n\n\n\n<li>Nivel 2: $ 1.223 mensuales en promedio;<\/li>\n\n\n\n<li>Nivel 3: $ 1.329 mensuales en promedio.<\/li>\n<\/ul>\n\n\n\n<h3 class=\"wp-block-heading\">Residenciales T1R2 (desde 300 a 599kWh bimestrales)<\/h3>\n\n\n\n<ul>\n<li>Nivel 1: $ 2.681 mensuales en promedio;<\/li>\n\n\n\n<li>Nivel 2: $ 2.153 mensuales en promedio;<\/li>\n\n\n\n<li>Nivel 3: $ 2.362 mensuales en promedio.<\/li>\n<\/ul>\n\n\n\n<h3 class=\"wp-block-heading\">Residenciales T1R3 (mayores a 600kWh bimestrales)<\/h3>\n\n\n\n<ul>\n<li>Nivel 1: $ 4.557 mensuales en promedio;<\/li>\n\n\n\n<li>Nivel 2: $ 3.725 mensuales en promedio;<\/li>\n\n\n\n<li>Nivel 3: $ 4.152 mensuales en promedio.<\/li>\n<\/ul>\n\n\n\n<p>Para el resto de los usuarios no residenciales, tales como comercios, industrias, riego agr\u00edcola la variaci\u00f3n tarifaria a usuario final es del<strong>\u00a05% promedio<\/strong>.<\/p>\n\n\n\n<p><strong>Fuente: www.diariouno.com.ar<\/strong><\/p>\n","protected":false},"excerpt":{"rendered":"<p>Los usuarios del servicio de\u00a0luz\u00a0en Mendoza ver\u00e1n un\u00a0aumento\u00a0en sus boletas del 5% promedio. Desde el\u00a0EPRE\u00a0explicaron que se debe a los nuevos precios que estableci\u00f3 la Naci\u00f3n desde el 1 de octubre y al \u00faltimo tramo de actualizaci\u00f3n del componente provincial de la tarifa. En pesos, seg\u00fan el tipo de usuario del que se trate, las [&hellip;]<\/p>\n","protected":false},"author":2,"featured_media":9428,"comment_status":"open","ping_status":"open","sticky":false,"template":"","format":"standard","meta":[],"categories":[79],"tags":[],"_links":{"self":[{"href":"https:\/\/pasaenmendoza.com\/index.php?rest_route=\/wp\/v2\/posts\/9427"}],"collection":[{"href":"https:\/\/pasaenmendoza.com\/index.php?rest_route=\/wp\/v2\/posts"}],"about":[{"href":"https:\/\/pasaenmendoza.com\/index.php?rest_route=\/wp\/v2\/types\/post"}],"author":[{"embeddable":true,"href":"https:\/\/pasaenmendoza.com\/index.php?rest_route=\/wp\/v2\/users\/2"}],"replies":[{"embeddable":true,"href":"https:\/\/pasaenmendoza.com\/index.php?rest_route=%2Fwp%2Fv2%2Fcomments&post=9427"}],"version-history":[{"count":1,"href":"https:\/\/pasaenmendoza.com\/index.php?rest_route=\/wp\/v2\/posts\/9427\/revisions"}],"predecessor-version":[{"id":9430,"href":"https:\/\/pasaenmendoza.com\/index.php?rest_route=\/wp\/v2\/posts\/9427\/revisions\/9430"}],"wp:featuredmedia":[{"embeddable":true,"href":"https:\/\/pasaenmendoza.com\/index.php?rest_route=\/wp\/v2\/media\/9428"}],"wp:attachment":[{"href":"https:\/\/pasaenmendoza.com\/index.php?rest_route=%2Fwp%2Fv2%2Fmedia&parent=9427"}],"wp:term":[{"taxonomy":"category","embeddable":true,"href":"https:\/\/pasaenmendoza.com\/index.php?rest_route=%2Fwp%2Fv2%2Fcategories&post=9427"},{"taxonomy":"post_tag","embeddable":true,"href":"https:\/\/pasaenmendoza.com\/index.php?rest_route=%2Fwp%2Fv2%2Ftags&post=9427"}],"curies":[{"name":"wp","href":"https:\/\/api.w.org\/{rel}","templated":true}]}}