{"id":943,"date":"2023-08-25T16:06:05","date_gmt":"2023-08-25T14:06:05","guid":{"rendered":"https:\/\/pasaenmendoza.com\/?p=943"},"modified":"2023-08-25T16:06:06","modified_gmt":"2023-08-25T14:06:06","slug":"al-igual-que-los-medicos-en-los-laboratorios-de-mendoza-tambien-buscan-cobrar-un-coseguro-a-los-pacientes","status":"publish","type":"post","link":"https:\/\/pasaenmendoza.com\/?p=943","title":{"rendered":"Al igual que los m\u00e9dicos, en los laboratorios de Mendoza tambi\u00e9n buscan cobrar un coseguro a los pacientes"},"content":{"rendered":"\n<p>La situaci\u00f3n de Argentina tras la PASO Nacionales, que trajo aparejada la devaluaci\u00f3n del peso, la suba del d\u00f3lar oficial y el salto del blue, gener\u00f3 un sacud\u00f3n importante en el sector de la\u00a0<strong>Salud<\/strong>, ya que se registr\u00f3 una importante\u00a0<mark>suba de precios de los insumos y, en algunos casos, faltantes.<\/mark><\/p>\n\n\n\n<p>Por tal motivo, tal como ocurre con m\u00e9dicos privados de m\u00e1s de 60 especialidades que desde el 1 de septiembre cobrar\u00e1n un copago que rondar\u00e1 los 3 mil pesos,\u00a0<mark>los bioqu\u00edmicos nucleados en la Asociaci\u00f3n de Bioqu\u00edmicos de Mendoza est\u00e1n analizando cobrar un copago\u00a0para hacer frente al elevado costo de los materiales que, en los \u00faltimos meses, super\u00f3 el 30%.<\/mark><\/p>\n\n\n\n<p><em>\u201cEl panorama es insostenible para cualquier profesional de la Salud y si bien no hemos aplicado un coseguro en las prestaciones, estamos analizando tomar una medida acorde para no perder m\u00e1s dinero\u201d,<\/em>\u00a0coment\u00f3 el bioqu\u00edmico Rafael P\u00e9rez Elizalde.<\/p>\n\n\n\n<p><strong>Reuni\u00f3n cumbre<\/strong><\/p>\n\n\n\n<p>Mientras en C\u00f3rdoba y Misiones ya se aplica el cobro de un adicional a los pacientes que se realizan cualquier pr\u00e1ctica en un laboratorio, en\u00a0<strong>Mendoza\u00a0<\/strong>la situaci\u00f3n est\u00e1 por analizarse, aunque\u00a0<mark>algunos profesionales ya se anticiparon y comenzaron a cobrar el plus.<\/mark><\/p>\n\n\n\n<p>Esta situaci\u00f3n se ha observado, en algunos asociados de la\u00a0<strong>Obra Social de Empleados P\u00fablicos de Mendoza (OSEP)<\/strong>\u00a0que, luego de realizarse determinadas pr\u00e1cticas,\u00a0<mark>tuvieron que abonar un coseguro.<\/mark>\u00a0Si bien el mismo var\u00eda de acuerdo con la pr\u00e1ctica efectuada,\u00a0<mark>los valores oscilan entre los 3 mil y 6 mil pesos.<\/mark><\/p>\n\n\n\n<p>Desde la\u00a0<strong>Asociaci\u00f3n de Bioqu\u00edmicos de Mendoza\u00a0<\/strong>advirtieron que\u00a0<em>\u201cla pr\u00f3xima semana, precisamente el mi\u00e9rcoles por la tarde, habr\u00e1 una reuni\u00f3n clave para determinar c\u00f3mo hacer frente a la situaci\u00f3n que atraviesa el pa\u00eds\u201d.<\/em><\/p>\n\n\n\n<p><em>\u201cSi bien todav\u00eda no es un hecho el cobro del coseguro, s\u00ed hemos estado en contacto con la entidad que nos nuclea para resolver la situaci\u00f3n, sobre todo, para ver la posibilidad de acortar los tiempos de demora que las obras sociales y prepagas tienen para abonar las prestaciones brindadas\u201d,\u00a0<\/em>expres\u00f3 P\u00e9rez Elizalde.<\/p>\n\n\n\n<p>El profesional coment\u00f3 que\u00a0<mark>la demora que hoy existe var\u00eda seg\u00fan la gerenciadora, pero es de entre 4 y 6 meses.<\/mark>\u00a0<em>\u201cEl tema es que los insumos que nosotros usamos tenemos que abonarlos con 15 o 30 d\u00edas como m\u00e1ximo de retraso y los mismos ya vienen con aumentos y en d\u00f3lar\u201d<\/em>, explic\u00f3 el especialista.<\/p>\n\n\n\n<p>En cuanto a\u00a0<mark>la suba de los insumos, se estima que ronda el 30%<\/mark>\u00a0y ya se aplica en productos como: reactivos de diagn\u00f3stico para laboratorios de an\u00e1lisis cl\u00ednicos, agujas de extracci\u00f3n, jeringas de 5 y 10 mil\u00edmetros, guantes descartables, tubos de muestra, entre otros.<\/p>\n\n\n\n<p><em>\u201cA eso hay que sumarle el costo de equipamiento, sueldos, impuestos y servicios que hacen que el margen de ganancia de los laboratorios sea cada vez m\u00e1s chico. Nosotros estamos cubriendo los gastos con ahorros\u201d<\/em>, coment\u00f3 P\u00e9rez Elizalde.<\/p>\n\n\n\n<p>Por su parte, Graciela, due\u00f1a de otro laboratorio, asegur\u00f3 que \u201clos aumentos son constantes, no de estos \u00faltimos meses\u201d, y que el modo de afrontar los costos es mediante el estoqueo, es decir, comprar cada dos meses para surfear la inflaci\u00f3n, pero asegura que cada vez se torna m\u00e1s complicado.<\/p>\n\n\n\n<p><strong>Falta de insumos<\/strong><\/p>\n\n\n\n<p>A pesar de los elevados precios y los constantes aumentos, aparece otro grave factor y es la\u00a0<mark>falta de distribuci\u00f3n de productos<\/mark>. Las empresas est\u00e1n demorando las entregas porque no saben cu\u00e1ndo repondr\u00e1n la mercader\u00eda y a qu\u00e9 precio y eso complica la log\u00edstica del laboratorio.<\/p>\n\n\n\n<p><em>\u201cAnte esto, lo que hemos hecho es contar con un stock importante de reactivos, material descartable y esperar que en alg\u00fan momento nos paguen las gerenciadoras\u201d,<\/em>\u00a0coment\u00f3 P\u00e9rez Elizalde.<\/p>\n\n\n\n<p><strong>Fuente: www.elsol.com.ar<\/strong><\/p>\n","protected":false},"excerpt":{"rendered":"<p>La situaci\u00f3n de Argentina tras la PASO Nacionales, que trajo aparejada la devaluaci\u00f3n del peso, la suba del d\u00f3lar oficial y el salto del blue, gener\u00f3 un sacud\u00f3n importante en el sector de la\u00a0Salud, ya que se registr\u00f3 una importante\u00a0suba de precios de los insumos y, en algunos casos, faltantes. Por tal motivo, tal como [&hellip;]<\/p>\n","protected":false},"author":2,"featured_media":944,"comment_status":"open","ping_status":"open","sticky":false,"template":"","format":"standard","meta":[],"categories":[49],"tags":[],"_links":{"self":[{"href":"https:\/\/pasaenmendoza.com\/index.php?rest_route=\/wp\/v2\/posts\/943"}],"collection":[{"href":"https:\/\/pasaenmendoza.com\/index.php?rest_route=\/wp\/v2\/posts"}],"about":[{"href":"https:\/\/pasaenmendoza.com\/index.php?rest_route=\/wp\/v2\/types\/post"}],"author":[{"embeddable":true,"href":"https:\/\/pasaenmendoza.com\/index.php?rest_route=\/wp\/v2\/users\/2"}],"replies":[{"embeddable":true,"href":"https:\/\/pasaenmendoza.com\/index.php?rest_route=%2Fwp%2Fv2%2Fcomments&post=943"}],"version-history":[{"count":1,"href":"https:\/\/pasaenmendoza.com\/index.php?rest_route=\/wp\/v2\/posts\/943\/revisions"}],"predecessor-version":[{"id":945,"href":"https:\/\/pasaenmendoza.com\/index.php?rest_route=\/wp\/v2\/posts\/943\/revisions\/945"}],"wp:featuredmedia":[{"embeddable":true,"href":"https:\/\/pasaenmendoza.com\/index.php?rest_route=\/wp\/v2\/media\/944"}],"wp:attachment":[{"href":"https:\/\/pasaenmendoza.com\/index.php?rest_route=%2Fwp%2Fv2%2Fmedia&parent=943"}],"wp:term":[{"taxonomy":"category","embeddable":true,"href":"https:\/\/pasaenmendoza.com\/index.php?rest_route=%2Fwp%2Fv2%2Fcategories&post=943"},{"taxonomy":"post_tag","embeddable":true,"href":"https:\/\/pasaenmendoza.com\/index.php?rest_route=%2Fwp%2Fv2%2Ftags&post=943"}],"curies":[{"name":"wp","href":"https:\/\/api.w.org\/{rel}","templated":true}]}}