{"id":9439,"date":"2024-10-07T14:04:54","date_gmt":"2024-10-07T12:04:54","guid":{"rendered":"https:\/\/pasaenmendoza.com\/?p=9439"},"modified":"2024-10-07T14:04:56","modified_gmt":"2024-10-07T12:04:56","slug":"se-viene-la-tormenta-asi-estara-el-tiempo-en-mendoza-este-lunes","status":"publish","type":"post","link":"https:\/\/pasaenmendoza.com\/?p=9439","title":{"rendered":"\u00bfSe viene la tormenta? As\u00ed estar\u00e1 el tiempo en Mendoza este lunes"},"content":{"rendered":"\n<p>Este lunes arranca con \u201ccielo mayormente nublado y ventoso con&nbsp;<strong>descenso de la temperatura<\/strong>&nbsp;en el Gran Mendoza\u201d.&nbsp;<strong>La m\u00ednima ser\u00e1 de 16 grados y la m\u00e1xima de 22.<\/strong><\/p>\n\n\n\n<p>Adem\u00e1s, el\u00a0<strong>Servicio Meteorol\u00f3gico Nacional\u00a0<\/strong>(SMN) emiti\u00f3 un alerta por\u00a0<strong>lluvias y tormentas<\/strong>\u00a0de intensidad moderada. Tambi\u00e9n se pronostican vientos moderados del sector sur. Nevadas en cordillera.<\/p>\n\n\n\n<p>Para el<strong>\u00a0martes<\/strong>\u00a0se prev\u00e9: \u201cCielo mayormente nublado y ventoso con descenso de la temperatura, vientos moderados del sector sur.\u00a0<strong>Lluvias y tormentas.<\/strong>\u00a0Nevadas intensas en cordillera\u201d.\u00a0<strong>La m\u00ednima ser\u00e1 de 10 grados y la m\u00e1xima de 13.<\/strong><\/p>\n\n\n\n<p>El\u00a0<strong>mi\u00e9rcoles<\/strong>\u00a0estar\u00e1 \u201cParcialmente nublado e inestable, vientos del sector sur rotando al noreste, ascenso de temperatura\u201d.\u00a0<strong>Mejoran las condiciones meteorol\u00f3gicas a partir de la tarde\u00a0<\/strong>tanto en el llano como en cordillera. La m\u00ednima ser\u00e1 de 10 grados y la m\u00e1xima de 17.<\/p>\n\n\n\n<p><strong>Fuente: www.elsol.com.ar<\/strong><\/p>\n","protected":false},"excerpt":{"rendered":"<p>Este lunes arranca con \u201ccielo mayormente nublado y ventoso con&nbsp;descenso de la temperatura&nbsp;en el Gran Mendoza\u201d.&nbsp;La m\u00ednima ser\u00e1 de 16 grados y la m\u00e1xima de 22. Adem\u00e1s, el\u00a0Servicio Meteorol\u00f3gico Nacional\u00a0(SMN) emiti\u00f3 un alerta por\u00a0lluvias y tormentas\u00a0de intensidad moderada. Tambi\u00e9n se pronostican vientos moderados del sector sur. Nevadas en cordillera. Para el\u00a0martes\u00a0se prev\u00e9: \u201cCielo mayormente nublado [&hellip;]<\/p>\n","protected":false},"author":2,"featured_media":9440,"comment_status":"open","ping_status":"open","sticky":false,"template":"","format":"standard","meta":[],"categories":[52],"tags":[],"_links":{"self":[{"href":"https:\/\/pasaenmendoza.com\/index.php?rest_route=\/wp\/v2\/posts\/9439"}],"collection":[{"href":"https:\/\/pasaenmendoza.com\/index.php?rest_route=\/wp\/v2\/posts"}],"about":[{"href":"https:\/\/pasaenmendoza.com\/index.php?rest_route=\/wp\/v2\/types\/post"}],"author":[{"embeddable":true,"href":"https:\/\/pasaenmendoza.com\/index.php?rest_route=\/wp\/v2\/users\/2"}],"replies":[{"embeddable":true,"href":"https:\/\/pasaenmendoza.com\/index.php?rest_route=%2Fwp%2Fv2%2Fcomments&post=9439"}],"version-history":[{"count":1,"href":"https:\/\/pasaenmendoza.com\/index.php?rest_route=\/wp\/v2\/posts\/9439\/revisions"}],"predecessor-version":[{"id":9441,"href":"https:\/\/pasaenmendoza.com\/index.php?rest_route=\/wp\/v2\/posts\/9439\/revisions\/9441"}],"wp:featuredmedia":[{"embeddable":true,"href":"https:\/\/pasaenmendoza.com\/index.php?rest_route=\/wp\/v2\/media\/9440"}],"wp:attachment":[{"href":"https:\/\/pasaenmendoza.com\/index.php?rest_route=%2Fwp%2Fv2%2Fmedia&parent=9439"}],"wp:term":[{"taxonomy":"category","embeddable":true,"href":"https:\/\/pasaenmendoza.com\/index.php?rest_route=%2Fwp%2Fv2%2Fcategories&post=9439"},{"taxonomy":"post_tag","embeddable":true,"href":"https:\/\/pasaenmendoza.com\/index.php?rest_route=%2Fwp%2Fv2%2Ftags&post=9439"}],"curies":[{"name":"wp","href":"https:\/\/api.w.org\/{rel}","templated":true}]}}