{"id":9442,"date":"2024-10-07T22:03:21","date_gmt":"2024-10-07T20:03:21","guid":{"rendered":"https:\/\/pasaenmendoza.com\/?p=9442"},"modified":"2024-10-07T22:03:22","modified_gmt":"2024-10-07T20:03:22","slug":"fotos-se-incendio-un-galpon-avicola-en-las-heras","status":"publish","type":"post","link":"https:\/\/pasaenmendoza.com\/?p=9442","title":{"rendered":"Fotos: se incendi\u00f3 un galp\u00f3n av\u00edcola en Las Heras"},"content":{"rendered":"\n<p>Un<strong>&nbsp;galp\u00f3n av\u00edcola<\/strong>&nbsp;se incendi\u00f3 este lunes en Las Heras y las p\u00e9rdidas fueron grandes. Minutos antes del mediod\u00eda, cuatro dotaciones de bomberos y cinco camiones h\u00eddricos trabajaron durante horas para extinguir las llamas. No se registraron heridos.<\/p>\n\n\n\n<p>El fuego se origin\u00f3 en el edificio ubicado en calle\u00a0<strong>Los \u00c1lamos<\/strong>, entre San Ram\u00f3n y Ruta 40. En ese predio los bomberos realizaron su labor con apoyo h\u00eddrico del municipio junto a personal de Defensa Civil.<\/p>\n\n\n\n<p>Los bomberos que se desplazaron a la zona fueron voluntarios de\u00a0<strong>Lavalle, Godoy Cruz y Las Heras<\/strong>, adem\u00e1s de\u00a0<strong>Guardia Urbana Municipal de Las Heras\u00a0<\/strong>y apoyo h\u00eddrico.<\/p>\n\n\n\n<p>La labor de los bomberos se vio complicada por la presencia de paneles solares cargados, los cuales significaban un peligro de fuertes descargas para los rescatistas.\u00a0<mark>No hubo heridos que lamentar pero s\u00ed murieron varios pollos y gallinas y se produjeron p\u00e9rdidas materiales.<\/mark><\/p>\n\n\n\n<p>Finalmente,\u00a0<strong>el fuego fue controlado pasadas las 14.45<\/strong>. A partir de este momento los bomberos presentes se ocuparon de las tareas de enfriamiento.<\/p>\n\n\n\n<p><strong>Fuente: www.elsol.com.ar<\/strong><\/p>\n","protected":false},"excerpt":{"rendered":"<p>Un&nbsp;galp\u00f3n av\u00edcola&nbsp;se incendi\u00f3 este lunes en Las Heras y las p\u00e9rdidas fueron grandes. Minutos antes del mediod\u00eda, cuatro dotaciones de bomberos y cinco camiones h\u00eddricos trabajaron durante horas para extinguir las llamas. No se registraron heridos. El fuego se origin\u00f3 en el edificio ubicado en calle\u00a0Los \u00c1lamos, entre San Ram\u00f3n y Ruta 40. En ese [&hellip;]<\/p>\n","protected":false},"author":2,"featured_media":9443,"comment_status":"open","ping_status":"open","sticky":false,"template":"","format":"standard","meta":[],"categories":[48],"tags":[],"_links":{"self":[{"href":"https:\/\/pasaenmendoza.com\/index.php?rest_route=\/wp\/v2\/posts\/9442"}],"collection":[{"href":"https:\/\/pasaenmendoza.com\/index.php?rest_route=\/wp\/v2\/posts"}],"about":[{"href":"https:\/\/pasaenmendoza.com\/index.php?rest_route=\/wp\/v2\/types\/post"}],"author":[{"embeddable":true,"href":"https:\/\/pasaenmendoza.com\/index.php?rest_route=\/wp\/v2\/users\/2"}],"replies":[{"embeddable":true,"href":"https:\/\/pasaenmendoza.com\/index.php?rest_route=%2Fwp%2Fv2%2Fcomments&post=9442"}],"version-history":[{"count":1,"href":"https:\/\/pasaenmendoza.com\/index.php?rest_route=\/wp\/v2\/posts\/9442\/revisions"}],"predecessor-version":[{"id":9444,"href":"https:\/\/pasaenmendoza.com\/index.php?rest_route=\/wp\/v2\/posts\/9442\/revisions\/9444"}],"wp:featuredmedia":[{"embeddable":true,"href":"https:\/\/pasaenmendoza.com\/index.php?rest_route=\/wp\/v2\/media\/9443"}],"wp:attachment":[{"href":"https:\/\/pasaenmendoza.com\/index.php?rest_route=%2Fwp%2Fv2%2Fmedia&parent=9442"}],"wp:term":[{"taxonomy":"category","embeddable":true,"href":"https:\/\/pasaenmendoza.com\/index.php?rest_route=%2Fwp%2Fv2%2Fcategories&post=9442"},{"taxonomy":"post_tag","embeddable":true,"href":"https:\/\/pasaenmendoza.com\/index.php?rest_route=%2Fwp%2Fv2%2Ftags&post=9442"}],"curies":[{"name":"wp","href":"https:\/\/api.w.org\/{rel}","templated":true}]}}