{"id":9455,"date":"2024-10-07T22:46:36","date_gmt":"2024-10-07T20:46:36","guid":{"rendered":"https:\/\/pasaenmendoza.com\/?p=9455"},"modified":"2024-10-07T22:46:37","modified_gmt":"2024-10-07T20:46:37","slug":"la-justicia-resolvio-sacar-todos-los-celulares-que-tienen-los-presos-en-las-carceles-de-mendoza","status":"publish","type":"post","link":"https:\/\/pasaenmendoza.com\/?p=9455","title":{"rendered":"La Justicia resolvi\u00f3 sacar todos los celulares que tienen los presos en las c\u00e1rceles de Mendoza"},"content":{"rendered":"\n<p>La Suprema Corte de Justicia resolvi\u00f3 que ning\u00fan preso de las\u00a0<strong>c\u00e1rceles de Mendoza<\/strong>\u00a0podr\u00e1 usar\u00a0<strong>celulares<\/strong>. Adem\u00e1s, rechaz\u00f3 un punto crucial del fallo del juez Sebasti\u00e1n Sarmiento que indicaba que la prohibici\u00f3n solo pod\u00eda realizarse en los pabellones o m\u00f3dulos donde hubiese alg\u00fan sistema de tel\u00e9fonos p\u00fablicos o semip\u00fablicos para garantizar el derecho a comunicaci\u00f3n de los internos.<\/p>\n\n\n\n<p>La resoluci\u00f3n fue dictada antes de las 12 de este lunes, y ahora el\u00a0<strong>Servicio Penitenciario\u00a0<\/strong>tendr\u00e1 un per\u00edodo de 6 meses para sacar todos los\u00a0<strong>celulares\u00a0<\/strong>que est\u00e1n en poder de los\u00a0<strong>presos\u00a0<\/strong>en todas las\u00a0<strong>c\u00e1rceles de Mendoza<\/strong>.<\/p>\n\n\n\n<p>La definici\u00f3n fue anunciada luego de un largo cuarto intermedio de casi un mes, por el tribunal de la Corte presidido por la jueza&nbsp;<strong>Teresa Day<\/strong>, acompa\u00f1ada por sus pares&nbsp;<strong>Dalmiro Garay<\/strong>&nbsp;y&nbsp;<strong>Jos\u00e9 Valerio.<\/strong><\/p>\n\n\n\n<p>La magistrada&nbsp;<strong>Teresa Day<\/strong>&nbsp;indic\u00f3: &#8220;Este Tribunal por mayor\u00eda -2 a 1- resuelve&nbsp;<strong>admitir&nbsp;<\/strong>el recurso de apelaci\u00f3n interpuesto por el&nbsp;<strong>Ministerio P\u00fablico Fiscal<\/strong>&nbsp;y en consecuencia dejar sin efecto el punto IV apartado D de la resoluci\u00f3n del 10 de enero 2024&#8243;, respecto al fallo del juez Sebasti\u00e1n Sarmiento.<\/p>\n\n\n\n<p>El apartado que qued\u00f3 sin efecto expresa: &#8220;Solo podr\u00e1 disponer el retiro de los equipos telef\u00f3nicos\u00a0<strong>celulares\u00a0<\/strong>en los sectores de alojamiento donde se encuentre\u00a0<strong>instalado\u00a0<\/strong>y en condiciones operativas un sistema de\u00a0<strong>telefon\u00eda p\u00fablica,\u00a0<\/strong>debiendo garantizar al menos un equipo por cada pabell\u00f3n, ala, o sector de cada establecimiento carcelario&#8221;.<\/p>\n\n\n\n<p>Este punto hab\u00eda generado un&nbsp;<strong>conflicto de competencia<\/strong>&nbsp;ya que, para el Ministerio P\u00fablico Fiscal, no le corresponde al juez&nbsp;<strong>Sarmiento&nbsp;<\/strong>-ni a ning\u00fan otro en esta instancia- poner condiciones para cumplir con el retiro de&nbsp;<strong>celulares<\/strong>, lo que imposibilitaba que se llevara a cabo la medida.<\/p>\n\n\n\n<p>La magistrada Day finaliz\u00f3 la resoluci\u00f3n con otro punto: &#8220;Rechazar los recursos de apelaci\u00f3n interpuestos por el&nbsp;<strong>Ministerio P\u00fablico de la Defensa&nbsp;<\/strong>y por la&nbsp;<strong>Asociaci\u00f3n Civil Verdad y Justicia Mendoza<\/strong>&#8220;, quienes se expresaron a favor que los internos tuvieran celulares por diferentes factores, como el v\u00ednculo familiar, avisar problemas de salud u otros dentro del penal, adem\u00e1s de tener contacto directo con sus abogados.<\/p>\n\n\n\n<h2 class=\"wp-block-heading\">Plazo para sacar los celulares de las c\u00e1rceles de Mendoza<\/h2>\n\n\n\n<p><strong>Dalmiro Garay<\/strong>, miembro del tribunal que resolvi\u00f3 que los presos no tengan m\u00e1s tel\u00e9fonos, explic\u00f3 que el<strong>\u00a0Servicio Penitenciario<\/strong>\u00a0tiene un per\u00edodo de 6 meses para sacar los aparatos de los penales, &#8220;o hasta que quede firme el fallo en el caso que fuese apelado&#8221;.<\/p>\n\n\n\n<p>Esto se debe a que cualquiera de las partes puede realizar una\u00a0<strong>Casaci\u00f3n horizontal<\/strong>\u00a0a los resuelto este lunes, lo que implica que se deber\u00e1 conformar otra sala con otros miembros de la Corte para garantizar el proceso. Estos ser\u00e1n los encargados de determinar si sostienen lo resuelto o no.<\/p>\n\n\n\n<p>Adem\u00e1s, Garay explic\u00f3 que dentro de esta decisi\u00f3n se hizo hincapi\u00e9, como lo hizo&nbsp;<strong>Sebasti\u00e1n Sarmiento<\/strong>, sobre &#8220;la necesidad de restablecer las&nbsp;<strong>visitas presenciales<\/strong>&nbsp;como eran antes de la pandemia&#8221;.<\/p>\n\n\n\n<p>&#8220;Tiene que volver el sistema de&nbsp;<strong>visitas semanales<\/strong>&nbsp;y establecer, por un mecanismo distinto de la telefon\u00eda p\u00fablica, como celular o computadora para permitirles a los internos tener comunicaci\u00f3n regulada por el&nbsp;<strong>Servicio Penitenciario<\/strong>, pero no tener&nbsp;<strong>celulares<\/strong>&#8220;, agreg\u00f3 el juez de la Corte.<\/p>\n\n\n\n<p>Se\u00f1al\u00f3 que tambi\u00e9n contemplaron excepciones indicadas por el juez Sarmiento en su fallo del 10 de enero pasado, las cuales comparten y que no fueron rechazadas por ninguna de las partes como que las&nbsp;<strong>internas que tengan hijos<\/strong>&nbsp;puedan tener celular.<\/p>\n\n\n\n<p>&#8220;Tambi\u00e9n ratificamos que el<strong>\u00a0Servicio Penitenciario<\/strong>\u00a0ser\u00e1 quien dote de celulares o mecanismos alternativos para los casos de presos de las\u00a0<strong>c\u00e1rceles de Mendoza<\/strong>\u00a0que tengan alg\u00fan tratamiento y pueda hacerlo de manera remota o tenga que estudiar&#8221;, sostuvo Garay.<\/p>\n\n\n\n<p><strong>Fuente: www.diariouno.com.ar<\/strong><\/p>\n","protected":false},"excerpt":{"rendered":"<p>La Suprema Corte de Justicia resolvi\u00f3 que ning\u00fan preso de las\u00a0c\u00e1rceles de Mendoza\u00a0podr\u00e1 usar\u00a0celulares. Adem\u00e1s, rechaz\u00f3 un punto crucial del fallo del juez Sebasti\u00e1n Sarmiento que indicaba que la prohibici\u00f3n solo pod\u00eda realizarse en los pabellones o m\u00f3dulos donde hubiese alg\u00fan sistema de tel\u00e9fonos p\u00fablicos o semip\u00fablicos para garantizar el derecho a comunicaci\u00f3n de los [&hellip;]<\/p>\n","protected":false},"author":2,"featured_media":9456,"comment_status":"open","ping_status":"open","sticky":false,"template":"","format":"standard","meta":[],"categories":[60],"tags":[],"_links":{"self":[{"href":"https:\/\/pasaenmendoza.com\/index.php?rest_route=\/wp\/v2\/posts\/9455"}],"collection":[{"href":"https:\/\/pasaenmendoza.com\/index.php?rest_route=\/wp\/v2\/posts"}],"about":[{"href":"https:\/\/pasaenmendoza.com\/index.php?rest_route=\/wp\/v2\/types\/post"}],"author":[{"embeddable":true,"href":"https:\/\/pasaenmendoza.com\/index.php?rest_route=\/wp\/v2\/users\/2"}],"replies":[{"embeddable":true,"href":"https:\/\/pasaenmendoza.com\/index.php?rest_route=%2Fwp%2Fv2%2Fcomments&post=9455"}],"version-history":[{"count":1,"href":"https:\/\/pasaenmendoza.com\/index.php?rest_route=\/wp\/v2\/posts\/9455\/revisions"}],"predecessor-version":[{"id":9457,"href":"https:\/\/pasaenmendoza.com\/index.php?rest_route=\/wp\/v2\/posts\/9455\/revisions\/9457"}],"wp:featuredmedia":[{"embeddable":true,"href":"https:\/\/pasaenmendoza.com\/index.php?rest_route=\/wp\/v2\/media\/9456"}],"wp:attachment":[{"href":"https:\/\/pasaenmendoza.com\/index.php?rest_route=%2Fwp%2Fv2%2Fmedia&parent=9455"}],"wp:term":[{"taxonomy":"category","embeddable":true,"href":"https:\/\/pasaenmendoza.com\/index.php?rest_route=%2Fwp%2Fv2%2Fcategories&post=9455"},{"taxonomy":"post_tag","embeddable":true,"href":"https:\/\/pasaenmendoza.com\/index.php?rest_route=%2Fwp%2Fv2%2Ftags&post=9455"}],"curies":[{"name":"wp","href":"https:\/\/api.w.org\/{rel}","templated":true}]}}