{"id":9458,"date":"2024-10-07T23:11:13","date_gmt":"2024-10-07T21:11:13","guid":{"rendered":"https:\/\/pasaenmendoza.com\/?p=9458"},"modified":"2024-10-07T23:11:14","modified_gmt":"2024-10-07T21:11:14","slug":"por-la-baja-en-la-cantidad-de-nacimientos-la-dge-se-vio-obligada-a-reorganizar-el-nivel-inicial","status":"publish","type":"post","link":"https:\/\/pasaenmendoza.com\/?p=9458","title":{"rendered":"Por la baja en la cantidad de nacimientos, la DGE se vio obligada a reorganizar el Nivel Inicial"},"content":{"rendered":"\n<p>El inicio del ciclo lectivo 2025 ya proyecta que habr\u00e1 menos ingresantes a salita de 4 y salita de 5 en el Nivel Inicial y esta situaci\u00f3n oblig\u00f3 a la\u00a0<strong>Direcci\u00f3n General de Escuelas (DGE)<\/strong>\u00a0a hacer una reingenier\u00eda con el mismo personal para instaurar las de 3 a\u00f1os, ampliando la oferta de los jardines maternales y los centros educativos municipales.<\/p>\n\n\n\n<p>Esta pol\u00edtica tiende a universalizarse, siendo una experiencia in\u00e9dita para el comienzo de la trayectoria escolar temprana y la alfabetizaci\u00f3n.\u00a0<strong>La disminuci\u00f3n en las tasas de nacimiento empuj\u00f3 la creaci\u00f3n de salas de 3<\/strong>, en aquellos establecimientos donde hay menos requerimiento de secciones de 4 y 5 a\u00f1os.<\/p>\n\n\n\n<p>La directora de Nivel Inicial,\u00a0<strong>Adriana Rubio<\/strong>, explic\u00f3\u00a0que \u201cdel 1 al 10 de octubre todos los jardines de infantes est\u00e1n haciendo un relevamiento preguntando a los pap\u00e1s la cantidad de ni\u00f1os que vamos a tener en 2025. Por las consultas que hicimos en el Registro Civil, vamos a tener\u00a0<strong>menos matr\u00edcula<\/strong>\u00a0y esto nos lleva a refuncionalizar estas secciones para las de 3 a\u00f1os\u201d.<\/p>\n\n\n\n<p>\u201cEste a\u00f1o incorporamos&nbsp;<strong>65 salas de 3 a\u00f1os<\/strong>, m\u00e1s las plurisalas, en zonas rurales. Por el relevamiento estamos viendo que hay menos aspirantes a 4 y 5. Por lo tanto, vamos a seguir abriendo&nbsp;<strong>salas para los alumnos de 3<\/strong>&nbsp;y vamos a ir dando respuestas y donde haya posibilidades vamos a seguir incorporando esta modalidad\u201d, se explay\u00f3 la docente.<\/p>\n\n\n\n<p>El Gobierno de Mendoza ya tiene la idea de universalizar la educaci\u00f3n temprana a partir de esta edad y comenz\u00f3 con los hermanos de ni\u00f1os que ya asisten a sala de 4 y 5 o que comenzaron primer grado. La expectativa es que dentro de unos a\u00f1os sea obligatoria la educaci\u00f3n desde los 3 a\u00f1os.<\/p>\n\n\n\n<p>La DGE admiti\u00f3 que&nbsp;<strong>la baja es del orden del 30%&nbsp;<\/strong>en el ingreso a salas de 4 y 5 a\u00f1os, lo que tambi\u00e9n se traduce en menos ni\u00f1os en Primaria, aunque las vacantes ya est\u00e1n cubiertas.<\/p>\n\n\n\n<p>\u201cEstos nenes tienen una inscripci\u00f3n distinta del 14 al 16 de octubre, en donde van a ir los pap\u00e1s a aquellas escuelas donde se abrieron las&nbsp;<strong>salitas de 3<\/strong>&nbsp;y en una planilla complementaria van a ratificar su inscripci\u00f3n para la sala de 4\u201d, detall\u00f3 la funcionaria.<\/p>\n\n\n\n<p>\u201cEsto es importante porque los padres van a ratificar si se quedan en esa escuela para la salita de 4 o hubo cambios en el domicilio. Y del 17 al 18 de octubre ser\u00e1 el turno para que todos\u00a0<strong>los hermanos de los estudiantes de las escuelas<\/strong>\u00a0tengan prioridad\u201d, manifest\u00f3.<\/p>\n\n\n\n<h2 class=\"wp-block-heading\"><strong>Capacitaci\u00f3n a docentes para las salas de 3 a\u00f1os<\/strong><\/h2>\n\n\n\n<p>A partir de la incorporaci\u00f3n de las&nbsp;<strong>salas de 3 a\u00f1os<\/strong>, la DGE lanz\u00f3 una serie de&nbsp;<strong>capacitaciones&nbsp;<\/strong>para el personal que estaba afectado a salas de 4 y 5 a\u00f1os.<\/p>\n\n\n\n<p>&#8220;La idea de estos cursos es ofrecer una formaci\u00f3n diferenciada para los de 3, 4 y 5 con base en las necesidades de los alumnos.&nbsp;<strong>Que el de 3 no reciba los mismos contenidos, sino adaptados a su edad<\/strong>. Y que se vaya avanzando y complejizando la educaci\u00f3n con el correr de los niveles. Estamos trabajando fuertemente en eso&#8221;, destac\u00f3 Rubio.<\/p>\n\n\n\n<p>La directora de Nivel Inicial recalc\u00f3 que el sistema necesita fortalecer a estos docentes y proveerlo de los&nbsp;<strong>recursos&nbsp;<\/strong>necesarios.<\/p>\n\n\n\n<p>&#8220;Y en el caso de las plurisalas, donde los ni\u00f1os de 3 han compartido con los de 4 y 5, tambi\u00e9n el balance es muy positivo porque esto los ayuda a\u00a0<strong>un desarrollo integral<\/strong>\u00a0y ha sido bueno en esas zonas rurales donde tenemos muy baja matr\u00edcula&#8221;, dijo con satisfacci\u00f3n.<\/p>\n\n\n\n<p>Otro de los cambios que se introdujeron en el Nivel Inicial fue la incorporaci\u00f3n de&nbsp;<strong>una hora m\u00e1s<\/strong>&nbsp;que ahora alcanza a 136 salas en las que se trabajan las funciones ejecutivas, las habilidades cognitivas, el desarrollo motor.<\/p>\n\n\n\n<p>&#8220;Estamos pidiendo para 2025&nbsp;<strong>4 mil horas m\u00e1s<\/strong>&nbsp;para que todas las salas de 4 y 5 a\u00f1os puedan tener esta extensi\u00f3n en el horario y trabajar estas habilidades&#8221;, concluy\u00f3 Rubio.<\/p>\n\n\n\n<p>El Gobierno de Mendoza quiere hacer obligatoria la educaci\u00f3n desde los 3 a\u00f1os.<\/p>\n\n\n\n<p>Foto: Cristian Lozano\/Diario UNO<\/p>\n\n\n\n<h2 class=\"wp-block-heading\">Vacantes para el Primario y turnos de inscripci\u00f3n<\/h2>\n\n\n\n<p>La directora de Primaria, Laura Tello, afirm\u00f3 que hay<strong>&nbsp;22.000 bancos disponibles<\/strong>&nbsp;y que est\u00e1n cubiertas las vacantes para este ciclo lectivo 2025. En la Primaria hay un correlato en el impacto de&nbsp;<strong>menos nacimientos<\/strong>&nbsp;y por ende menos estudiantes que aspiran a ingresar al primer grado.<\/p>\n\n\n\n<p>&#8220;<strong>Tenemos 22.000 vacantes<\/strong>, lo que no significa que no podamos ampliar la oferta educativa en funci\u00f3n de los requerimientos de la demanda. Lo que se busca es dar un acompa\u00f1amiento a las familias y su mayor bienestar en la organizaci\u00f3n, teniendo en cuenta aquellas con varios hijos en edad de asistir a la escuela&#8221;, ponder\u00f3 la docente.<\/p>\n\n\n\n<h2 class=\"wp-block-heading\"><strong>Las fechas de inscripci\u00f3n a primer grado<\/strong><\/h2>\n\n\n\n<ul>\n<li>&nbsp;<strong>14 al 18 de octubre:&nbsp;<\/strong>para los alumnos que asisten al Nivel Inicial anexo a la escuela primaria y salitas anexo de jardines nucleados.<\/li>\n\n\n\n<li><strong>21 al 25 de octubre:<\/strong>&nbsp;turno para los hermanos que asisten a la escuela y los alumnos con discapacidad con certificado de discapacidad con cercan\u00eda al domicilio en una distancia de 1 kil\u00f3metro.<\/li>\n\n\n\n<li><strong>28 al 31 de octubre:&nbsp;<\/strong>hijos de docentes y alumnos de jardines en articulaci\u00f3n nucleados y exclusivos.<\/li>\n\n\n\n<li><strong>4 a 8 de noviembre<\/strong>: nuevos aspirantes. Destinado a aquellos estudiantes con domicilio cercano a la escuela. Habr\u00e1 un mapa de georreferenciaci\u00f3n. Tambi\u00e9n cuyo domicilio laboral de los padres sea cercano a la escuela.<\/li>\n\n\n\n<li><strong>19 al 21 de noviembre<\/strong>: se publican todas las vacantes disponibles.<\/li>\n\n\n\n<li><strong>22 al 29 de noviembre:\u00a0<\/strong>para aquellos estudiantes que no tienen confirmada la vacante, la supervisi\u00f3n va a convocar a los padres para ofrecerles un banco a las familias y se le otorga un certificado de inscripci\u00f3n.<\/li>\n<\/ul>\n\n\n\n<p><strong>Fuente: www.diariouno.com.ar<\/strong><\/p>\n\n\n\n<p><a rel=\"noreferrer noopener\" href=\"https:\/\/www.facebook.com\/dialog\/feed?app_id=161316767303985&amp;link=https%3A%2F%2Fwww.diariouno.com.ar%2Fsociedad%2Fdebido-una-fuerte-disminucion-los-nacimientos-la-dge-se-vio-obligada-reorganizar-el-nivel-inicial-n1360138&amp;name=Por+la+baja+en+la+cantidad+de+nacimientos%2C+la+DGE+se+vio+obligada+a+reorganizar+el+Nivel+Inicial&amp;caption=DGE&amp;description=Ante+los+cambios+demogr%C3%A1ficos%2C+el+mismo+personal+docente+de+las+salas+de+4+y+de+5+a%C3%B1os+se+capacita+para+trabajar+con+ni%C3%B1os+de+3&amp;redirect_uri=https%3A%2F%2Fwww.diariouno.com.ar%2Fsociedad%2Fdebido-una-fuerte-disminucion-los-nacimientos-la-dge-se-vio-obligada-reorganizar-el-nivel-inicial-n1360138\" target=\"_blank\"><\/a><\/p>\n\n\n\n<p><a rel=\"noreferrer noopener\" href=\"https:\/\/twitter.com\/intent\/tweet?url=https%3A%2F%2Fwww.diariouno.com.ar%2Fc1360138&amp;related=diariouno&amp;text=Por+la+baja+en+la+cantidad+de+nacimientos%2C+la+DGE+se+vio+obligada+a+reorganizar+el+Nivel+Inicial&amp;via=diariouno\" target=\"_blank\"><\/a><\/p>\n\n\n\n<p><a href=\"mailto:?body=https%3A%2F%2Fwww.diariouno.com.ar%2Fsociedad%2Fdebido-una-fuerte-disminucion-los-nacimientos-la-dge-se-vio-obligada-reorganizar-el-nivel-inicial-n1360138&amp;subject=%E2%80%9CPor%20la%20baja%20en%20la%20cantidad%20de%20nacimientos%2C%20la%20DGE%20se%20vio%20obligada%20a%20reorganizar%20el%20Nivel%20Inicial%E2%80%9D\"><\/a><\/p>\n\n\n\n<p><a rel=\"noreferrer noopener\" href=\"https:\/\/api.whatsapp.com\/send?text=%E2%80%9CPor%20la%20baja%20en%20la%20cantidad%20de%20nacimientos%2C%20la%20DGE%20se%20vio%20obligada%20a%20reorganizar%20el%20Nivel%20Inicial%E2%80%9D%20https%3A%2F%2Fwww.diariouno.com.ar%2Fsociedad%2Fdebido-una-fuerte-disminucion-los-nacimientos-la-dge-se-vio-obligada-reorganizar-el-nivel-inicial-n1360138\" target=\"_blank\"><\/a><\/p>\n\n\n\n<p><a rel=\"noreferrer noopener\" href=\"http:\/\/www.linkedin.com\/shareArticle?mini=true&amp;url=https%3A%2F%2Fwww.diariouno.com.ar%2Fsociedad%2Fdebido-una-fuerte-disminucion-los-nacimientos-la-dge-se-vio-obligada-reorganizar-el-nivel-inicial-n1360138\" target=\"_blank\"><\/a><\/p>\n","protected":false},"excerpt":{"rendered":"<p>El inicio del ciclo lectivo 2025 ya proyecta que habr\u00e1 menos ingresantes a salita de 4 y salita de 5 en el Nivel Inicial y esta situaci\u00f3n oblig\u00f3 a la\u00a0Direcci\u00f3n General de Escuelas (DGE)\u00a0a hacer una reingenier\u00eda con el mismo personal para instaurar las de 3 a\u00f1os, ampliando la oferta de los jardines maternales y [&hellip;]<\/p>\n","protected":false},"author":2,"featured_media":9459,"comment_status":"open","ping_status":"open","sticky":false,"template":"","format":"standard","meta":[],"categories":[56],"tags":[],"_links":{"self":[{"href":"https:\/\/pasaenmendoza.com\/index.php?rest_route=\/wp\/v2\/posts\/9458"}],"collection":[{"href":"https:\/\/pasaenmendoza.com\/index.php?rest_route=\/wp\/v2\/posts"}],"about":[{"href":"https:\/\/pasaenmendoza.com\/index.php?rest_route=\/wp\/v2\/types\/post"}],"author":[{"embeddable":true,"href":"https:\/\/pasaenmendoza.com\/index.php?rest_route=\/wp\/v2\/users\/2"}],"replies":[{"embeddable":true,"href":"https:\/\/pasaenmendoza.com\/index.php?rest_route=%2Fwp%2Fv2%2Fcomments&post=9458"}],"version-history":[{"count":1,"href":"https:\/\/pasaenmendoza.com\/index.php?rest_route=\/wp\/v2\/posts\/9458\/revisions"}],"predecessor-version":[{"id":9460,"href":"https:\/\/pasaenmendoza.com\/index.php?rest_route=\/wp\/v2\/posts\/9458\/revisions\/9460"}],"wp:featuredmedia":[{"embeddable":true,"href":"https:\/\/pasaenmendoza.com\/index.php?rest_route=\/wp\/v2\/media\/9459"}],"wp:attachment":[{"href":"https:\/\/pasaenmendoza.com\/index.php?rest_route=%2Fwp%2Fv2%2Fmedia&parent=9458"}],"wp:term":[{"taxonomy":"category","embeddable":true,"href":"https:\/\/pasaenmendoza.com\/index.php?rest_route=%2Fwp%2Fv2%2Fcategories&post=9458"},{"taxonomy":"post_tag","embeddable":true,"href":"https:\/\/pasaenmendoza.com\/index.php?rest_route=%2Fwp%2Fv2%2Ftags&post=9458"}],"curies":[{"name":"wp","href":"https:\/\/api.w.org\/{rel}","templated":true}]}}