{"id":946,"date":"2023-08-25T16:13:17","date_gmt":"2023-08-25T14:13:17","guid":{"rendered":"https:\/\/pasaenmendoza.com\/?p=946"},"modified":"2023-08-25T16:13:18","modified_gmt":"2023-08-25T14:13:18","slug":"la-nueva-casa-de-los-futuros-penitenciarios-mendocinos-estara-lista-en-noviembre","status":"publish","type":"post","link":"https:\/\/pasaenmendoza.com\/?p=946","title":{"rendered":"La nueva casa de los futuros penitenciarios mendocinos estar\u00e1 lista en noviembre"},"content":{"rendered":"\n<p>Con un espacio que consta de tres edificios, el Gobierno estima que en noviembre podr\u00eda estar concluida la obra del\u00a0<strong>Instituto de Formaci\u00f3n Penitenciaria<\/strong>, espacio donde se capacitan y profesionalizan los aspirantes a estar en esta \u00e1rea de seguridad.<\/p>\n\n\n\n<p>El espacio de m\u00e1s de 200 metros cuadrados del Instituto de Formaci\u00f3n Penitenciaria (Infope), que forma parte de un conjunto de tres edificios que se emplazan en el penal San Felipe, entr\u00f3 en los \u00faltimos meses de ejecuci\u00f3n.<\/p>\n\n\n\n<p>La construcci\u00f3n del edificio, que se paraliz\u00f3 en 2021 cuando se le desadjudic\u00f3 la obra a la empresa que llevaba adelante los trabajos, se retom\u00f3 en agosto del a\u00f1o pasado. Actualmente, los certificados de obras presentan un avance en el plan de tareas de 80% y se espera que las tareas finalicen en noviembre de este a\u00f1o.<\/p>\n\n\n\n<p>Cabe recordar que el proyecto para este edificio nace por la necesidad de satisfacer la demanda de capacitaci\u00f3n y profesionalismo que se debe prestar en esta \u00e1rea de seguridad.<\/p>\n\n\n\n<p>En la actualidad, esta estructura de capacitaci\u00f3n se ha visto desbordada de aspirantes para ingresar al sistema penitenciario. Por ello, se han proyectado dos aulas m\u00e1s con instalaciones que apoyen y completen la demanda de formaci\u00f3n.<\/p>\n\n\n\n<p>Las obras de construcci\u00f3n que lleva adelante el Ministerio de Planificaci\u00f3n e Infraestructura se concentran en tres edificios. El primero, destinado a la administraci\u00f3n de San Felipe; el segundo, para las instalaciones del instituto, y el tercero, destinado al personal auxiliar, que se ubica fuera de los muros del penal pero se vincula mediante un puente.<\/p>\n\n\n\n<p><strong>Antecedentes y descripci\u00f3n del proyecto<\/strong><\/p>\n\n\n\n<p>El sistema penitenciario tiene afectados, en este penal, a 380 empleados para control, seguimiento, seguridad, salud, alimentaci\u00f3n y mantenimiento, entre otras tareas. El 70% de ese personal pertenece al \u00e1rea de Seguridad y el 30% restante es auxiliar, es decir m\u00e9dicos, nutricionistas, docentes, abogados, psic\u00f3logos, asistentes sociales, enfermeros, cocineros y<br>administrativos.<\/p>\n\n\n\n<p>Este personal auxiliar desarrolla todas sus tareas laborales intramuros, esto es en el mismo espacio en el que se alojan 1.300 detenidos y para entrar o salir del penal deben pasar por la Guardia, por donde tambi\u00e9n ingresan los detenidos. Esta situaci\u00f3n de tr\u00e1nsito permanente de personas vulnera la seguridad del sistema y es la raz\u00f3n principal por la cual se<br>proyect\u00f3 construir los nuevos edificios.<\/p>\n\n\n\n<p>Los m\u00f3dulos en construcci\u00f3n se dividen en:<\/p>\n\n\n\n<p><strong>Edificio externo<\/strong>: cuenta con tres niveles. All\u00ed desarrollar\u00e1n sus tareas el personal auxiliar y autoridades penitenciarias. Desde aqu\u00ed se posibilitar\u00e1 el ingreso y egreso del flujo de personal hacia el interior del penal, ya que se articula y conecta a trav\u00e9s de un puente al edificio intramuros.\u00a0<\/p>\n\n\n\n<p><strong>Edificio administrativo intramuros<\/strong>: tiene dos niveles. Adjunto al muro de cierre existente, la planta baja se destinar\u00e1 a personal de seguridad; el primer piso, al personal auxiliar, donde se desarrollar\u00e1n las tareas de tratamiento, seguridad y administraci\u00f3n interna y, en el piso superior, la terraza de formaci\u00f3n, la cual se articula con la pasarela existente del rond\u00edn de los centinelas. Este \u00faltimo nivel tiene un cuerpo emergente que ser\u00e1 utilizado como una casilla de guardia y vigilancia que se sumar\u00e1 al resto de las ya existentes a lo largo del recorrido.<\/p>\n\n\n\n<p><strong>Edificio del Infope<\/strong>: completa la planimetr\u00eda del conjunto. En planta alta se construyen las aulas, el comedor y todo el equipamiento de apoyo; en planta baja se ubican los espacios exteriores que lo rodean.\u00a0<\/p>\n\n\n\n<p><strong>Fuente: www.mendozapost.com<\/strong><\/p>\n","protected":false},"excerpt":{"rendered":"<p>Con un espacio que consta de tres edificios, el Gobierno estima que en noviembre podr\u00eda estar concluida la obra del\u00a0Instituto de Formaci\u00f3n Penitenciaria, espacio donde se capacitan y profesionalizan los aspirantes a estar en esta \u00e1rea de seguridad. El espacio de m\u00e1s de 200 metros cuadrados del Instituto de Formaci\u00f3n Penitenciaria (Infope), que forma parte [&hellip;]<\/p>\n","protected":false},"author":2,"featured_media":947,"comment_status":"open","ping_status":"open","sticky":false,"template":"","format":"standard","meta":[],"categories":[50],"tags":[],"_links":{"self":[{"href":"https:\/\/pasaenmendoza.com\/index.php?rest_route=\/wp\/v2\/posts\/946"}],"collection":[{"href":"https:\/\/pasaenmendoza.com\/index.php?rest_route=\/wp\/v2\/posts"}],"about":[{"href":"https:\/\/pasaenmendoza.com\/index.php?rest_route=\/wp\/v2\/types\/post"}],"author":[{"embeddable":true,"href":"https:\/\/pasaenmendoza.com\/index.php?rest_route=\/wp\/v2\/users\/2"}],"replies":[{"embeddable":true,"href":"https:\/\/pasaenmendoza.com\/index.php?rest_route=%2Fwp%2Fv2%2Fcomments&post=946"}],"version-history":[{"count":1,"href":"https:\/\/pasaenmendoza.com\/index.php?rest_route=\/wp\/v2\/posts\/946\/revisions"}],"predecessor-version":[{"id":948,"href":"https:\/\/pasaenmendoza.com\/index.php?rest_route=\/wp\/v2\/posts\/946\/revisions\/948"}],"wp:featuredmedia":[{"embeddable":true,"href":"https:\/\/pasaenmendoza.com\/index.php?rest_route=\/wp\/v2\/media\/947"}],"wp:attachment":[{"href":"https:\/\/pasaenmendoza.com\/index.php?rest_route=%2Fwp%2Fv2%2Fmedia&parent=946"}],"wp:term":[{"taxonomy":"category","embeddable":true,"href":"https:\/\/pasaenmendoza.com\/index.php?rest_route=%2Fwp%2Fv2%2Fcategories&post=946"},{"taxonomy":"post_tag","embeddable":true,"href":"https:\/\/pasaenmendoza.com\/index.php?rest_route=%2Fwp%2Fv2%2Ftags&post=946"}],"curies":[{"name":"wp","href":"https:\/\/api.w.org\/{rel}","templated":true}]}}