{"id":9465,"date":"2024-10-08T14:23:00","date_gmt":"2024-10-08T12:23:00","guid":{"rendered":"https:\/\/pasaenmendoza.com\/?p=9465"},"modified":"2024-10-08T14:23:02","modified_gmt":"2024-10-08T12:23:02","slug":"el-tiempo-en-mendoza-doble-alerta-por-tormentas-y-nevadas-en-alta-montana","status":"publish","type":"post","link":"https:\/\/pasaenmendoza.com\/?p=9465","title":{"rendered":"El tiempo en Mendoza: doble alerta por tormentas y nevadas en alta monta\u00f1a"},"content":{"rendered":"\n<p>Contin\u00faa el&nbsp;<strong>mal tiempo en el llano y alta monta\u00f1a<\/strong>&nbsp;durante todo este martes. La&nbsp;<strong>Direcci\u00f3n de Contingencias Clim\u00e1ticas<\/strong>&nbsp;indica: \u201cMayormente nublado y ventoso con descenso de la temperatura, vientos moderados del sector sur en el Gran Mendoza\u201d.<\/p>\n\n\n\n<p>Adem\u00e1s, el\u00a0<strong>Servicio Meteorol\u00f3gico Nacional\u00a0<\/strong>(SMN) emiti\u00f3 doble alerta por tormentas y nevadas en alta monta\u00f1a.\u00a0<strong>La m\u00ednima ser\u00e1 de 10 grados y la m\u00e1xima de 12.<\/strong><\/p>\n\n\n\n<p>Para el<strong>\u00a0mi\u00e9rcoles<\/strong>, el cielo estar\u00e1 parcialmente nublado e inestable, vientos del sector sur rotando al noreste, ascenso de temperatura.\u00a0<strong>Mejoran las condiciones meteorol\u00f3gicas<\/strong>\u00a0a partir de la tarde tanto en el llano como en cordillera.<strong>\u00a0La m\u00ednima ser\u00e1 de 10 grados y la m\u00e1xima de 14<\/strong><\/p>\n\n\n\n<p>El\u00a0<strong>jueves\u00a0<\/strong>estar\u00e1 bueno con ascenso de la temperatura, vientos leves del noreste. Estable en cordillera.<strong>\u00a0La m\u00ednima ser\u00e1 de 9 grados y la m\u00e1xima de 24.<\/strong><\/p>\n\n\n\n<p>Fuente: www.elsol.com.ar<\/p>\n","protected":false},"excerpt":{"rendered":"<p>Contin\u00faa el&nbsp;mal tiempo en el llano y alta monta\u00f1a&nbsp;durante todo este martes. La&nbsp;Direcci\u00f3n de Contingencias Clim\u00e1ticas&nbsp;indica: \u201cMayormente nublado y ventoso con descenso de la temperatura, vientos moderados del sector sur en el Gran Mendoza\u201d. Adem\u00e1s, el\u00a0Servicio Meteorol\u00f3gico Nacional\u00a0(SMN) emiti\u00f3 doble alerta por tormentas y nevadas en alta monta\u00f1a.\u00a0La m\u00ednima ser\u00e1 de 10 grados y la [&hellip;]<\/p>\n","protected":false},"author":2,"featured_media":9466,"comment_status":"open","ping_status":"open","sticky":false,"template":"","format":"standard","meta":[],"categories":[52],"tags":[],"_links":{"self":[{"href":"https:\/\/pasaenmendoza.com\/index.php?rest_route=\/wp\/v2\/posts\/9465"}],"collection":[{"href":"https:\/\/pasaenmendoza.com\/index.php?rest_route=\/wp\/v2\/posts"}],"about":[{"href":"https:\/\/pasaenmendoza.com\/index.php?rest_route=\/wp\/v2\/types\/post"}],"author":[{"embeddable":true,"href":"https:\/\/pasaenmendoza.com\/index.php?rest_route=\/wp\/v2\/users\/2"}],"replies":[{"embeddable":true,"href":"https:\/\/pasaenmendoza.com\/index.php?rest_route=%2Fwp%2Fv2%2Fcomments&post=9465"}],"version-history":[{"count":1,"href":"https:\/\/pasaenmendoza.com\/index.php?rest_route=\/wp\/v2\/posts\/9465\/revisions"}],"predecessor-version":[{"id":9467,"href":"https:\/\/pasaenmendoza.com\/index.php?rest_route=\/wp\/v2\/posts\/9465\/revisions\/9467"}],"wp:featuredmedia":[{"embeddable":true,"href":"https:\/\/pasaenmendoza.com\/index.php?rest_route=\/wp\/v2\/media\/9466"}],"wp:attachment":[{"href":"https:\/\/pasaenmendoza.com\/index.php?rest_route=%2Fwp%2Fv2%2Fmedia&parent=9465"}],"wp:term":[{"taxonomy":"category","embeddable":true,"href":"https:\/\/pasaenmendoza.com\/index.php?rest_route=%2Fwp%2Fv2%2Fcategories&post=9465"},{"taxonomy":"post_tag","embeddable":true,"href":"https:\/\/pasaenmendoza.com\/index.php?rest_route=%2Fwp%2Fv2%2Ftags&post=9465"}],"curies":[{"name":"wp","href":"https:\/\/api.w.org\/{rel}","templated":true}]}}