{"id":9468,"date":"2024-10-08T14:25:53","date_gmt":"2024-10-08T12:25:53","guid":{"rendered":"https:\/\/pasaenmendoza.com\/?p=9468"},"modified":"2024-10-08T14:25:54","modified_gmt":"2024-10-08T12:25:54","slug":"camara-testigo-se-incendio-un-camion-en-acceso-este","status":"publish","type":"post","link":"https:\/\/pasaenmendoza.com\/?p=9468","title":{"rendered":"C\u00e1mara testigo: se incendi\u00f3 un cami\u00f3n en Acceso Este"},"content":{"rendered":"\n<p>Un&nbsp;<strong>cami\u00f3n&nbsp;<\/strong>se incendi\u00f3 la madrugada de este martes en Acceso Este y Urquiza.<\/p>\n\n\n\n<p>El incidente ocurri\u00f3 alrededor de las 5.25, y las autoridades est\u00e1n investigando las causas del siniestro.<\/p>\n\n\n\n<p>El fuego se concentr\u00f3 en el acoplado del veh\u00edculo, lo que oblig\u00f3 a la r\u00e1pida intervenci\u00f3n de los bomberos para controlar las llamas.<\/p>\n\n\n\n<p><strong>Fuente: www.elsol.com.ar<\/strong><\/p>\n","protected":false},"excerpt":{"rendered":"<p>Un&nbsp;cami\u00f3n&nbsp;se incendi\u00f3 la madrugada de este martes en Acceso Este y Urquiza. El incidente ocurri\u00f3 alrededor de las 5.25, y las autoridades est\u00e1n investigando las causas del siniestro. El fuego se concentr\u00f3 en el acoplado del veh\u00edculo, lo que oblig\u00f3 a la r\u00e1pida intervenci\u00f3n de los bomberos para controlar las llamas. Fuente: www.elsol.com.ar<\/p>\n","protected":false},"author":2,"featured_media":9469,"comment_status":"open","ping_status":"open","sticky":false,"template":"","format":"standard","meta":[],"categories":[48],"tags":[],"_links":{"self":[{"href":"https:\/\/pasaenmendoza.com\/index.php?rest_route=\/wp\/v2\/posts\/9468"}],"collection":[{"href":"https:\/\/pasaenmendoza.com\/index.php?rest_route=\/wp\/v2\/posts"}],"about":[{"href":"https:\/\/pasaenmendoza.com\/index.php?rest_route=\/wp\/v2\/types\/post"}],"author":[{"embeddable":true,"href":"https:\/\/pasaenmendoza.com\/index.php?rest_route=\/wp\/v2\/users\/2"}],"replies":[{"embeddable":true,"href":"https:\/\/pasaenmendoza.com\/index.php?rest_route=%2Fwp%2Fv2%2Fcomments&post=9468"}],"version-history":[{"count":1,"href":"https:\/\/pasaenmendoza.com\/index.php?rest_route=\/wp\/v2\/posts\/9468\/revisions"}],"predecessor-version":[{"id":9470,"href":"https:\/\/pasaenmendoza.com\/index.php?rest_route=\/wp\/v2\/posts\/9468\/revisions\/9470"}],"wp:featuredmedia":[{"embeddable":true,"href":"https:\/\/pasaenmendoza.com\/index.php?rest_route=\/wp\/v2\/media\/9469"}],"wp:attachment":[{"href":"https:\/\/pasaenmendoza.com\/index.php?rest_route=%2Fwp%2Fv2%2Fmedia&parent=9468"}],"wp:term":[{"taxonomy":"category","embeddable":true,"href":"https:\/\/pasaenmendoza.com\/index.php?rest_route=%2Fwp%2Fv2%2Fcategories&post=9468"},{"taxonomy":"post_tag","embeddable":true,"href":"https:\/\/pasaenmendoza.com\/index.php?rest_route=%2Fwp%2Fv2%2Ftags&post=9468"}],"curies":[{"name":"wp","href":"https:\/\/api.w.org\/{rel}","templated":true}]}}