{"id":9478,"date":"2024-10-08T23:29:34","date_gmt":"2024-10-08T21:29:34","guid":{"rendered":"https:\/\/pasaenmendoza.com\/?p=9478"},"modified":"2024-10-08T23:29:35","modified_gmt":"2024-10-08T21:29:35","slug":"en-mendoza-esperan-a-un-buen-numero-de-extranjeros-porque-en-chile-y-brasil-sera-feriado-el-12-de-octubre","status":"publish","type":"post","link":"https:\/\/pasaenmendoza.com\/?p=9478","title":{"rendered":"En Mendoza esperan a un buen n\u00famero de extranjeros porque en Chile y Brasil ser\u00e1 feriado el 12 de octubre"},"content":{"rendered":"\n<p>Desde el Gobierno se ilusionan por estos d\u00edas con que el<strong>\u00a0fin de semana,\u00a0<\/strong>que para Argentina ser\u00e1 largo (3 d\u00edas) lleguen\u00a0turistas extranjeros\u00a0a Mendoza, esencialmente de\u00a0<strong>Brasil\u00a0<\/strong>y de\u00a0<strong>Chile<\/strong>. Es que esos pa\u00edses, como el nuestro, ser\u00e1 feriado el s\u00e1bado 12 de octubre.<\/p>\n\n\n\n<p>Sin embargo es necesario aclarar que en las naciones vecinas el d\u00eda festivo ser\u00e1 uno solo ya que las fechas que se conmemoran en ambos no son trasladables ni se suman los denominados feriados puente o con fines tur\u00edsticos.<\/p>\n\n\n\n<p>A\u00fan as\u00ed se han generado expectativas tanto desde el \u00e1rea de turismo de la provincia como del sector que nuclea a los empresarios del sector. Seg\u00fan<strong>\u00a0Gabriela Testa, titular del Emetur (Ente Mendoza Turismo) se proyecta una ocupaci\u00f3n del 80%.<\/strong><\/p>\n\n\n\n<h2 class=\"wp-block-heading\">Feriados del s\u00e1bado 12 en Chile y en Brasil<\/h2>\n\n\n\n<p>El fin de semana argentino comenzar\u00e1 el viernes 11 y se extender\u00e1 s\u00e1bado y domingo.<\/p>\n\n\n\n<p>Habr\u00e1 feriados tambi\u00e9n en Brasil y Chile. En el caso del pa\u00eds trasandino, se conmemora el s\u00e1bado 12 el&nbsp;<strong>D\u00eda del Encuentro de dos Mundos,&nbsp;<\/strong>llamado anteriormente D\u00eda de la Raza, como en Argentina, denominaci\u00f3n que cambi\u00f3 luego de 2000.<\/p>\n\n\n\n<p>En el caso de Brasil, el mismo d\u00eda se celebra&nbsp;<strong>Nuestra Se\u00f1ora Aparecida,<\/strong>&nbsp;Patrona de aquel pa\u00eds y es feriado nacional, fecha que muchos aprovechan para viajar.<\/p>\n\n\n\n<p>Las festividades religiosas tambi\u00e9n generan un importante movimiento tur\u00edstico. Este es el caso del festejo de la Patrona brasile\u00f1a y, en nuestra provincia, la conmemoraci\u00f3n de la Virgen del Rosario de lasLagunas, en Lavalle.<\/p>\n\n\n\n<h2 class=\"wp-block-heading\">El fin de semana largo en Argentina<\/h2>\n\n\n\n<p>Nuestra provincia ya presenta una buena proyecci\u00f3n de ocupaci\u00f3n dijeron desde el Gobiero. Adem\u00e1s de los visitantes de todo el pa\u00eds, esperan la llegada de viajeros de Chile y Brasil.<\/p>\n\n\n\n<p>En Argentina, el viernes 11 de octubre formar\u00e1 parte de un fin de semana largo,<strong>&nbsp;el pen\u00faltimo de 2024,<\/strong>&nbsp;ya que la Jefatura de Gabinete dispuso que ese d\u00eda habr\u00e1 receso con fines tur\u00edsticos, que deviene de un feriado trasladable.<\/p>\n\n\n\n<p>Originalmente, el feriado es el 12 de octubre, por conmemorarse el\u00a0<strong>D\u00eda del Respeto a la Diversidad Cultural (antiguamente D\u00eda de la Raza), c<\/strong>oincidente con la llegada de Crist\u00f3bal Col\u00f3n al continente americano. Este se traslada al viernes 11, por disposici\u00f3n de la Naci\u00f3n que tiene la potestad de establecer hasta tres feriados trasladables en todo el a\u00f1o.<\/p>\n\n\n\n<p>La presidenta del Emetur, Gabriela Testa, coment\u00f3: \u201cTeniendo en cuenta el contexto nacional, este fin de semana presenta una buena proyecci\u00f3n de ocupaci\u00f3n, sobre todo en la Ciudad de Mendoza, el \u00e1rea metropolitana, Potrerillos y San Rafael.&nbsp;<strong>El nivel de proyecci\u00f3n podr\u00eda llegar al 80%, teniendo en cuenta que muchos turistas toman su decisi\u00f3n a \u00faltimo momento\u201d.<\/strong><\/p>\n\n\n\n<p>\u201cLa llegada creciente de visitantes a Mendoza responde a un fuerte trabajo de promoci\u00f3n que viene desarrollando el Gobierno provincial junto con el sector privado. Las campa\u00f1as publicitarias y las acciones en ferias y con viajes de familiarizaci\u00f3n \u2013<em>fam press y fam tour<\/em>\u2013 sirven para que m\u00e1s personas conozcan nuestro destino y nos tengan en cuenta al momento de viajar\u201d, sum\u00f3 la funcionaria.<\/p>\n\n\n\n<h2 class=\"wp-block-heading\"><strong>Los elegidos de Mendoza<\/strong><\/h2>\n\n\n\n<p>Seg\u00fan Booking.com, los destinos mendocinos m\u00e1s buscados entre los viajeros argentinos para el pr\u00f3ximo feriado de octubre incluyen actividades relacionadas con la gastronom\u00eda, la diversi\u00f3n nocturna, el enoturismo y la naturaleza.<\/p>\n\n\n\n<p><strong>Jimena Guti\u00e9rrez,<\/strong>&nbsp;gerenta general de Booking.com para Argentina, Uruguay y Paraguay, sostiene: \u201cMendoza es uno de los destinos que a\u00f1o tras a\u00f1o atrae a quienes buscan una combinaci\u00f3n perfecta entre naturaleza, gastronom\u00eda y bienestar<strong>. Para muchos viajeros argentinos, es el lugar ideal para desconectarse de la rutina unos d\u00edas y disfrutar de un entorno \u00fanico\u201d.<\/strong><\/p>\n\n\n\n<p>Los destinos m\u00e1s buscados de la provincia son:<\/p>\n\n\n\n<ul>\n<li>Ciudad de Mendoza<\/li>\n\n\n\n<li>San Rafael<\/li>\n\n\n\n<li>Potrerillos<\/li>\n\n\n\n<li>Luj\u00e1n de Cuyo<\/li>\n\n\n\n<li>Chacras de Coria<\/li>\n<\/ul>\n\n\n\n<h2 class=\"wp-block-heading\"><strong>Mendoza para disfrutar<\/strong><\/h2>\n\n\n\n<p>Los d\u00edas 10, 11, 12 y 13 de octubre se llevar\u00e1 a cabo, en diferentes locaciones de la provincia de Mendoza, la\u00a0<strong>XV edici\u00f3n del festival Tango por los Caminos del Vino.<\/strong>\u00a0La programaci\u00f3n se puede consultar en\u00a0www.mendoza.gov.ar\/cultura.<\/p>\n\n\n\n<p>Del 10 al 12 de octubre, desde las 20, mendocinos y turistas podr\u00e1n disfrutar de los sabores y la cultura de m\u00e1s de 40 regiones, en la&nbsp;<strong>Fiesta y Encuentro de las Colectividades de Mendoza.&nbsp;<\/strong>Ser\u00e1 en el bulevar Dorrego, de Guaymall\u00e9n, entre Joaqu\u00edn Castellanos y Comandante Espora, con entrada gratuita.<\/p>\n\n\n\n<p>La Fiesta Provincial de la Flor de la Vid tendr\u00e1 su 11\u00aa edici\u00f3n el s\u00e1bado 12 de octubre, desde las 20.30, en Chaglasian Wine &amp; Suites, de San Rafael. Se podr\u00e1n degustar los vinos de veinte bodegas participantes y gastronom\u00eda, acompa\u00f1ado con los shows del grupo mendocino&nbsp;<strong>Amy Rod,&nbsp;<\/strong>que interpreta la m\u00fasica&nbsp;<strong>Amy Winehouse,<\/strong>&nbsp;y de la banda sanrafaelina&nbsp;<strong>Se\u00f1ora Cumbiamba.<\/strong>&nbsp;La&nbsp;<em>after party&nbsp;<\/em>estar\u00e1 a cargo de los<strong>&nbsp;DJ Braulio Villegas y El Duende.<\/strong><\/p>\n\n\n\n<p>Adem\u00e1s, se acercan los Festejos Patronales de Lagunas del Rosario. La Comunidad de Lavalle recibir\u00e1 a fieles y visitantes, del 11 al 13 de octubre, que se reunir\u00e1n en honor a la Virgen del Rosario para disfrutar de los atractivos culturales, hist\u00f3ricos y tur\u00edsticos que se ofrecen.<\/p>\n\n\n\n<p><strong>Fuente: www.diariouno.com.ar<\/strong><\/p>\n","protected":false},"excerpt":{"rendered":"<p>Desde el Gobierno se ilusionan por estos d\u00edas con que el\u00a0fin de semana,\u00a0que para Argentina ser\u00e1 largo (3 d\u00edas) lleguen\u00a0turistas extranjeros\u00a0a Mendoza, esencialmente de\u00a0Brasil\u00a0y de\u00a0Chile. Es que esos pa\u00edses, como el nuestro, ser\u00e1 feriado el s\u00e1bado 12 de octubre. Sin embargo es necesario aclarar que en las naciones vecinas el d\u00eda festivo ser\u00e1 uno solo [&hellip;]<\/p>\n","protected":false},"author":2,"featured_media":9479,"comment_status":"open","ping_status":"open","sticky":false,"template":"","format":"standard","meta":[],"categories":[64],"tags":[],"_links":{"self":[{"href":"https:\/\/pasaenmendoza.com\/index.php?rest_route=\/wp\/v2\/posts\/9478"}],"collection":[{"href":"https:\/\/pasaenmendoza.com\/index.php?rest_route=\/wp\/v2\/posts"}],"about":[{"href":"https:\/\/pasaenmendoza.com\/index.php?rest_route=\/wp\/v2\/types\/post"}],"author":[{"embeddable":true,"href":"https:\/\/pasaenmendoza.com\/index.php?rest_route=\/wp\/v2\/users\/2"}],"replies":[{"embeddable":true,"href":"https:\/\/pasaenmendoza.com\/index.php?rest_route=%2Fwp%2Fv2%2Fcomments&post=9478"}],"version-history":[{"count":1,"href":"https:\/\/pasaenmendoza.com\/index.php?rest_route=\/wp\/v2\/posts\/9478\/revisions"}],"predecessor-version":[{"id":9480,"href":"https:\/\/pasaenmendoza.com\/index.php?rest_route=\/wp\/v2\/posts\/9478\/revisions\/9480"}],"wp:featuredmedia":[{"embeddable":true,"href":"https:\/\/pasaenmendoza.com\/index.php?rest_route=\/wp\/v2\/media\/9479"}],"wp:attachment":[{"href":"https:\/\/pasaenmendoza.com\/index.php?rest_route=%2Fwp%2Fv2%2Fmedia&parent=9478"}],"wp:term":[{"taxonomy":"category","embeddable":true,"href":"https:\/\/pasaenmendoza.com\/index.php?rest_route=%2Fwp%2Fv2%2Fcategories&post=9478"},{"taxonomy":"post_tag","embeddable":true,"href":"https:\/\/pasaenmendoza.com\/index.php?rest_route=%2Fwp%2Fv2%2Ftags&post=9478"}],"curies":[{"name":"wp","href":"https:\/\/api.w.org\/{rel}","templated":true}]}}