{"id":9487,"date":"2024-10-08T23:45:23","date_gmt":"2024-10-08T21:45:23","guid":{"rendered":"https:\/\/pasaenmendoza.com\/?p=9487"},"modified":"2024-10-08T23:45:24","modified_gmt":"2024-10-08T21:45:24","slug":"finde-largo-como-sera-la-atencion-en-los-comercios-del-centro","status":"publish","type":"post","link":"https:\/\/pasaenmendoza.com\/?p=9487","title":{"rendered":"Finde largo: c\u00f3mo ser\u00e1 la atenci\u00f3n en los comercios del centro"},"content":{"rendered":"\n<p>Este&nbsp;<strong>fin de semana largo<\/strong>&nbsp;ser\u00e1 uno de los \u00faltimos feriados extralargos en Argentina, al conmemorarse el&nbsp;<strong>D\u00eda del Respeto a la Diversidad Cultural<\/strong>. Por tal motivo, desde la C\u00e1mara Empresaria, Comercio, Industria, Turismo y Servicios (Cecitys) dieron a conocer la decisi\u00f3n de los comerciantes respecto a la atenci\u00f3n durante esas jornadas.<\/p>\n\n\n\n<p>De acuerdo con un relevamiento realizado por el organismo,&nbsp;<strong>el 90% de los establecimientos abrir\u00e1 sus puertas&nbsp;<\/strong>de forma habitual.<\/p>\n\n\n\n<p>Seg\u00fan\u00a0<strong>Adri\u00e1n Alin<\/strong>, presidente de la Cecitys, \u201clos comerciantes priorizan mantener sus horarios habituales debido a la cercan\u00eda con el\u00a0<strong>D\u00eda de la Madre<\/strong>, una fecha clave para impulsar las ventas en distintos rubros.\u201d<\/p>\n\n\n\n<p>Adem\u00e1s, buscan aprovechar el turismo nacional esperado para este fin de semana.<\/p>\n\n\n\n<p>Asimismo, el sector tambi\u00e9n espera contrarrestar la ca\u00edda en ventas debido a los tours de compra a Chile, que afectan severamente al comercio local.<\/p>\n\n\n\n<p><strong>Fuente: www.elsol.com.ar<\/strong><\/p>\n","protected":false},"excerpt":{"rendered":"<p>Este&nbsp;fin de semana largo&nbsp;ser\u00e1 uno de los \u00faltimos feriados extralargos en Argentina, al conmemorarse el&nbsp;D\u00eda del Respeto a la Diversidad Cultural. Por tal motivo, desde la C\u00e1mara Empresaria, Comercio, Industria, Turismo y Servicios (Cecitys) dieron a conocer la decisi\u00f3n de los comerciantes respecto a la atenci\u00f3n durante esas jornadas. De acuerdo con un relevamiento realizado [&hellip;]<\/p>\n","protected":false},"author":2,"featured_media":9488,"comment_status":"open","ping_status":"open","sticky":false,"template":"","format":"standard","meta":[],"categories":[112],"tags":[],"_links":{"self":[{"href":"https:\/\/pasaenmendoza.com\/index.php?rest_route=\/wp\/v2\/posts\/9487"}],"collection":[{"href":"https:\/\/pasaenmendoza.com\/index.php?rest_route=\/wp\/v2\/posts"}],"about":[{"href":"https:\/\/pasaenmendoza.com\/index.php?rest_route=\/wp\/v2\/types\/post"}],"author":[{"embeddable":true,"href":"https:\/\/pasaenmendoza.com\/index.php?rest_route=\/wp\/v2\/users\/2"}],"replies":[{"embeddable":true,"href":"https:\/\/pasaenmendoza.com\/index.php?rest_route=%2Fwp%2Fv2%2Fcomments&post=9487"}],"version-history":[{"count":1,"href":"https:\/\/pasaenmendoza.com\/index.php?rest_route=\/wp\/v2\/posts\/9487\/revisions"}],"predecessor-version":[{"id":9489,"href":"https:\/\/pasaenmendoza.com\/index.php?rest_route=\/wp\/v2\/posts\/9487\/revisions\/9489"}],"wp:featuredmedia":[{"embeddable":true,"href":"https:\/\/pasaenmendoza.com\/index.php?rest_route=\/wp\/v2\/media\/9488"}],"wp:attachment":[{"href":"https:\/\/pasaenmendoza.com\/index.php?rest_route=%2Fwp%2Fv2%2Fmedia&parent=9487"}],"wp:term":[{"taxonomy":"category","embeddable":true,"href":"https:\/\/pasaenmendoza.com\/index.php?rest_route=%2Fwp%2Fv2%2Fcategories&post=9487"},{"taxonomy":"post_tag","embeddable":true,"href":"https:\/\/pasaenmendoza.com\/index.php?rest_route=%2Fwp%2Fv2%2Ftags&post=9487"}],"curies":[{"name":"wp","href":"https:\/\/api.w.org\/{rel}","templated":true}]}}