{"id":949,"date":"2023-08-25T18:05:10","date_gmt":"2023-08-25T16:05:10","guid":{"rendered":"https:\/\/pasaenmendoza.com\/?p=949"},"modified":"2023-08-25T18:05:11","modified_gmt":"2023-08-25T16:05:11","slug":"dge-docentes-y-celadores-cobraron-un-aumento-retroactivo-por-junio-y-aguinaldo","status":"publish","type":"post","link":"https:\/\/pasaenmendoza.com\/?p=949","title":{"rendered":"DGE: Docentes y celadores cobraron un aumento retroactivo por junio y aguinaldo"},"content":{"rendered":"\n<p>El Gobierno provincial dio cumplimiento este viernes al\u00a0acuerdo\u00a0<strong>paritario\u00a0<\/strong>firmado el 31 de julio con el\u00a0<strong>SUTE\u00a0<\/strong>que gener\u00f3 a favor de<strong>\u00a0docentes y celadores<\/strong>\u00a0una diferencia del 5,5% sobre lo que hab\u00edan cobrado por el mes de junio. Ese aumento retroactivo tambi\u00e9n impact\u00f3 en el aguinaldo.<\/p>\n\n\n\n<p>La Direcci\u00f3n General de Escuelas (<strong>DGE<\/strong>) anunci\u00f3 que el Gobierno ya deposit\u00f3 a docentes y celadores&nbsp;<strong>m\u00e1s de $426 millones por el aumento retroactivo&nbsp;<\/strong>de junio y la primera mitad del Sueldo Anual Complementario (SAC).<\/p>\n\n\n\n<p>Puntualmente, el acuerdo paritario que se firm\u00f3 a fines del mes pasado gener\u00f3 un&nbsp;<strong>aumento retroactivo del 10.5%<\/strong>&nbsp;para junio sobre los \u00edtems 1313 Estado Docente y 1003 Asignaci\u00f3n de clase.<\/p>\n\n\n\n<p>&#8220;Por tratarse del aumento para un mes ya liquidado, que ya contaba con un aumento del 5%,<strong>\u00a0se gener\u00f3 una diferencia positiva retroactiva del 5,5%<\/strong>&#8220;, explicaron desde la DGE.<\/p>\n\n\n\n<p>Al ser un mes del primer semestre, ese incremento<strong>&nbsp;tuvo su impacto tambi\u00e9n en el pago del primer aguinaldo<\/strong>&nbsp;que se liquida sobre los montos de enero a junio. Debido a ello, &#8220;tambi\u00e9n se gener\u00f3 una diferencia positiva retroactiva, teniendo en cuenta el monto de junio actualizado, con el nuevo porcentaje acordado&#8221;.<\/p>\n\n\n\n<p>En conclusi\u00f3n, &#8220;los dep\u00f3sitos en las cuentas de docentes y celadores\u00a0<strong>este viernes contienen ambos montos retroactivos: diferencia junio y diferencia primer SAC<\/strong>&#8220;.<\/p>\n\n\n\n<p><strong>Fuente: www.diariouno.com.ar<\/strong><\/p>\n","protected":false},"excerpt":{"rendered":"<p>El Gobierno provincial dio cumplimiento este viernes al\u00a0acuerdo\u00a0paritario\u00a0firmado el 31 de julio con el\u00a0SUTE\u00a0que gener\u00f3 a favor de\u00a0docentes y celadores\u00a0una diferencia del 5,5% sobre lo que hab\u00edan cobrado por el mes de junio. Ese aumento retroactivo tambi\u00e9n impact\u00f3 en el aguinaldo. La Direcci\u00f3n General de Escuelas (DGE) anunci\u00f3 que el Gobierno ya deposit\u00f3 a docentes [&hellip;]<\/p>\n","protected":false},"author":2,"featured_media":950,"comment_status":"open","ping_status":"open","sticky":false,"template":"","format":"standard","meta":[],"categories":[56],"tags":[],"_links":{"self":[{"href":"https:\/\/pasaenmendoza.com\/index.php?rest_route=\/wp\/v2\/posts\/949"}],"collection":[{"href":"https:\/\/pasaenmendoza.com\/index.php?rest_route=\/wp\/v2\/posts"}],"about":[{"href":"https:\/\/pasaenmendoza.com\/index.php?rest_route=\/wp\/v2\/types\/post"}],"author":[{"embeddable":true,"href":"https:\/\/pasaenmendoza.com\/index.php?rest_route=\/wp\/v2\/users\/2"}],"replies":[{"embeddable":true,"href":"https:\/\/pasaenmendoza.com\/index.php?rest_route=%2Fwp%2Fv2%2Fcomments&post=949"}],"version-history":[{"count":1,"href":"https:\/\/pasaenmendoza.com\/index.php?rest_route=\/wp\/v2\/posts\/949\/revisions"}],"predecessor-version":[{"id":951,"href":"https:\/\/pasaenmendoza.com\/index.php?rest_route=\/wp\/v2\/posts\/949\/revisions\/951"}],"wp:featuredmedia":[{"embeddable":true,"href":"https:\/\/pasaenmendoza.com\/index.php?rest_route=\/wp\/v2\/media\/950"}],"wp:attachment":[{"href":"https:\/\/pasaenmendoza.com\/index.php?rest_route=%2Fwp%2Fv2%2Fmedia&parent=949"}],"wp:term":[{"taxonomy":"category","embeddable":true,"href":"https:\/\/pasaenmendoza.com\/index.php?rest_route=%2Fwp%2Fv2%2Fcategories&post=949"},{"taxonomy":"post_tag","embeddable":true,"href":"https:\/\/pasaenmendoza.com\/index.php?rest_route=%2Fwp%2Fv2%2Ftags&post=949"}],"curies":[{"name":"wp","href":"https:\/\/api.w.org\/{rel}","templated":true}]}}