{"id":9490,"date":"2024-10-09T14:07:52","date_gmt":"2024-10-09T12:07:52","guid":{"rendered":"https:\/\/pasaenmendoza.com\/?p=9490"},"modified":"2024-10-09T14:07:54","modified_gmt":"2024-10-09T12:07:54","slug":"hasta-cuando-sigue-la-lluvia-asi-estara-el-tiempo-en-mendoza-este-jueves","status":"publish","type":"post","link":"https:\/\/pasaenmendoza.com\/?p=9490","title":{"rendered":"\u00bfHasta cu\u00e1ndo sigue la lluvia? As\u00ed estar\u00e1 el tiempo en Mendoza este jueves"},"content":{"rendered":"\n<p>El cielo estar\u00e1 mayormente nublado este mi\u00e9rcoles, con&nbsp;<strong>algunas lluvias y lloviznas, en el Gran Mendoza<\/strong>. Tambi\u00e9n habr\u00e1 vientos del sector sur y ascenso de temperatura.&nbsp;<strong>La m\u00ednima ser\u00e1 de 10 grados y la m\u00e1xima de 13.<\/strong><\/p>\n\n\n\n<p>Adem\u00e1s, la&nbsp;<strong>Direcci\u00f3n de Contingencias Clim\u00e1ticas<\/strong>&nbsp;indic\u00f3 que \u201cdesde la tarde mejoran las condiciones meteorol\u00f3gicas tanto en el llano como en cordillera\u201d.<\/p>\n\n\n\n<p>Para el\u00a0<strong>jueves<\/strong>\u00a0se prev\u00e9 \u201cpoca nubosidad con ascenso de la temperatura, vientos leves del noreste y hay alerta por\u00a0<strong>Zonda<\/strong>\u00a0en Malarg\u00fce\u201d.\u00a0<strong>La m\u00ednima ser\u00e1 de 8 grados y la m\u00e1xima de 23.<\/strong><\/p>\n\n\n\n<p>En tanto, el\u00a0<strong>viernes<\/strong>\u00a0estar\u00e1 con nubosidad variable con ascenso de la temperatura, precipitaciones aisladas hacia la noche, vientos moderados del este.\u00a0<strong>Zonda<\/strong>\u00a0en Malarg\u00fce. Nevadas en cordillera en la tarde.\u00a0<strong>La m\u00ednima ser\u00e1 de 11 grados y la m\u00e1xima de 26.<\/strong><\/p>\n\n\n\n<p><strong>Fuente: www.elsol.com.ar<\/strong><\/p>\n","protected":false},"excerpt":{"rendered":"<p>El cielo estar\u00e1 mayormente nublado este mi\u00e9rcoles, con&nbsp;algunas lluvias y lloviznas, en el Gran Mendoza. Tambi\u00e9n habr\u00e1 vientos del sector sur y ascenso de temperatura.&nbsp;La m\u00ednima ser\u00e1 de 10 grados y la m\u00e1xima de 13. Adem\u00e1s, la&nbsp;Direcci\u00f3n de Contingencias Clim\u00e1ticas&nbsp;indic\u00f3 que \u201cdesde la tarde mejoran las condiciones meteorol\u00f3gicas tanto en el llano como en cordillera\u201d. [&hellip;]<\/p>\n","protected":false},"author":2,"featured_media":9491,"comment_status":"open","ping_status":"open","sticky":false,"template":"","format":"standard","meta":[],"categories":[52],"tags":[],"_links":{"self":[{"href":"https:\/\/pasaenmendoza.com\/index.php?rest_route=\/wp\/v2\/posts\/9490"}],"collection":[{"href":"https:\/\/pasaenmendoza.com\/index.php?rest_route=\/wp\/v2\/posts"}],"about":[{"href":"https:\/\/pasaenmendoza.com\/index.php?rest_route=\/wp\/v2\/types\/post"}],"author":[{"embeddable":true,"href":"https:\/\/pasaenmendoza.com\/index.php?rest_route=\/wp\/v2\/users\/2"}],"replies":[{"embeddable":true,"href":"https:\/\/pasaenmendoza.com\/index.php?rest_route=%2Fwp%2Fv2%2Fcomments&post=9490"}],"version-history":[{"count":1,"href":"https:\/\/pasaenmendoza.com\/index.php?rest_route=\/wp\/v2\/posts\/9490\/revisions"}],"predecessor-version":[{"id":9492,"href":"https:\/\/pasaenmendoza.com\/index.php?rest_route=\/wp\/v2\/posts\/9490\/revisions\/9492"}],"wp:featuredmedia":[{"embeddable":true,"href":"https:\/\/pasaenmendoza.com\/index.php?rest_route=\/wp\/v2\/media\/9491"}],"wp:attachment":[{"href":"https:\/\/pasaenmendoza.com\/index.php?rest_route=%2Fwp%2Fv2%2Fmedia&parent=9490"}],"wp:term":[{"taxonomy":"category","embeddable":true,"href":"https:\/\/pasaenmendoza.com\/index.php?rest_route=%2Fwp%2Fv2%2Fcategories&post=9490"},{"taxonomy":"post_tag","embeddable":true,"href":"https:\/\/pasaenmendoza.com\/index.php?rest_route=%2Fwp%2Fv2%2Ftags&post=9490"}],"curies":[{"name":"wp","href":"https:\/\/api.w.org\/{rel}","templated":true}]}}