{"id":9493,"date":"2024-10-09T21:24:45","date_gmt":"2024-10-09T19:24:45","guid":{"rendered":"https:\/\/pasaenmendoza.com\/?p=9493"},"modified":"2024-10-09T21:24:46","modified_gmt":"2024-10-09T19:24:46","slug":"diputados-sostuvo-el-veto-de-milei-a-la-ley-de-financiamiento-universitario","status":"publish","type":"post","link":"https:\/\/pasaenmendoza.com\/?p=9493","title":{"rendered":"Diputados sostuvo el veto de Milei a la ley de financiamiento universitario"},"content":{"rendered":"\n<p>Diputados nacionales aprobaron este martes mantener el\u00a0<strong>veto de Javier Milei a la\u00a0ley de financiamiento universitario<\/strong>. La oposici\u00f3n no logr\u00f3 reunir los 2\/3 necesarios para ratificar la norma. En las afueras del Congreso hay manifestantes, mientras se mantienen las tomas en las universidades.<\/p>\n\n\n\n<p>La votaci\u00f3n termin\u00f3 con 160 votos en contra del veto y 84 a favor.<\/p>\n\n\n\n<p>Si bien los los bloques de la UCR, Encuentro Federal, por Santa Cruz, Producci\u00f3n y Trabajo, la izquierda y el kirchnerismo hab\u00edan logrado reunir 160 votos, el oficialismo de\u00a0<strong>La Libertad Avanza (LLA) consigui\u00f3 las 84 voluntades necesarias para sostener el veto.<\/strong><\/p>\n\n\n\n<h2 class=\"wp-block-heading\"><strong>Tres radicales y tres &#8220;ex&#8221; peronistas apoyaron el veto<\/strong><\/h2>\n\n\n\n<p>Apoyaron la postura oficialista PRO y Creo, adem\u00e1s de<strong>&nbsp;tres diputados radicales y tres tucumanos de Independencia<\/strong>, que responde al gobernador de Tucum\u00e1n, Osvaldo Jaldo.<\/p>\n\n\n\n<p>La sesi\u00f3n fue convocada por el&nbsp;<strong>radical Rodrigo De Loredo, el kichnerista Germ\u00e1n Mart\u00ednez y el presidente de Encuentro Federal, Miguel \u00c1ngel Pichetto.<\/strong><\/p>\n\n\n\n<p>En la previa del debate, Milei carg\u00f3 contra quienes empujan el reclamo universitario.\u00a0<strong>&#8220;Toman una causa noble y la prostituyen para robarles dinero a los estudiantes&#8221;<\/strong>, lanz\u00f3 en su discurso en la apertura de la Asamblea Plenaria CEAL.<\/p>\n\n\n\n<p><strong>Fuente: www.diariouno.com.ar<\/strong><\/p>\n\n\n\n<p><\/p>\n","protected":false},"excerpt":{"rendered":"<p>Diputados nacionales aprobaron este martes mantener el\u00a0veto de Javier Milei a la\u00a0ley de financiamiento universitario. La oposici\u00f3n no logr\u00f3 reunir los 2\/3 necesarios para ratificar la norma. En las afueras del Congreso hay manifestantes, mientras se mantienen las tomas en las universidades. La votaci\u00f3n termin\u00f3 con 160 votos en contra del veto y 84 a [&hellip;]<\/p>\n","protected":false},"author":2,"featured_media":9494,"comment_status":"open","ping_status":"open","sticky":false,"template":"","format":"standard","meta":[],"categories":[47],"tags":[],"_links":{"self":[{"href":"https:\/\/pasaenmendoza.com\/index.php?rest_route=\/wp\/v2\/posts\/9493"}],"collection":[{"href":"https:\/\/pasaenmendoza.com\/index.php?rest_route=\/wp\/v2\/posts"}],"about":[{"href":"https:\/\/pasaenmendoza.com\/index.php?rest_route=\/wp\/v2\/types\/post"}],"author":[{"embeddable":true,"href":"https:\/\/pasaenmendoza.com\/index.php?rest_route=\/wp\/v2\/users\/2"}],"replies":[{"embeddable":true,"href":"https:\/\/pasaenmendoza.com\/index.php?rest_route=%2Fwp%2Fv2%2Fcomments&post=9493"}],"version-history":[{"count":1,"href":"https:\/\/pasaenmendoza.com\/index.php?rest_route=\/wp\/v2\/posts\/9493\/revisions"}],"predecessor-version":[{"id":9495,"href":"https:\/\/pasaenmendoza.com\/index.php?rest_route=\/wp\/v2\/posts\/9493\/revisions\/9495"}],"wp:featuredmedia":[{"embeddable":true,"href":"https:\/\/pasaenmendoza.com\/index.php?rest_route=\/wp\/v2\/media\/9494"}],"wp:attachment":[{"href":"https:\/\/pasaenmendoza.com\/index.php?rest_route=%2Fwp%2Fv2%2Fmedia&parent=9493"}],"wp:term":[{"taxonomy":"category","embeddable":true,"href":"https:\/\/pasaenmendoza.com\/index.php?rest_route=%2Fwp%2Fv2%2Fcategories&post=9493"},{"taxonomy":"post_tag","embeddable":true,"href":"https:\/\/pasaenmendoza.com\/index.php?rest_route=%2Fwp%2Fv2%2Ftags&post=9493"}],"curies":[{"name":"wp","href":"https:\/\/api.w.org\/{rel}","templated":true}]}}