{"id":9499,"date":"2024-10-09T21:37:39","date_gmt":"2024-10-09T19:37:39","guid":{"rendered":"https:\/\/pasaenmendoza.com\/?p=9499"},"modified":"2024-10-09T21:37:40","modified_gmt":"2024-10-09T19:37:40","slug":"cornejo-se-entusiasmo-con-una-inversion-de-mas-de-un-millon-de-dolares-para-producir-cannabis-medicinal","status":"publish","type":"post","link":"https:\/\/pasaenmendoza.com\/?p=9499","title":{"rendered":"Cornejo se entusiasm\u00f3 con una inversi\u00f3n de m\u00e1s de un mill\u00f3n de d\u00f3lares para producir cannabis medicinal"},"content":{"rendered":"\n<p><strong>Alfredo Cornejo\u00a0<\/strong>tiene entre ceja y ceja apostar a la diversificaci\u00f3n de la matriz productiva de Mendoza. Por eso se entiende que se haya entusiasmado tanto con la inversi\u00f3n de\u00a0<strong>U$S1,2 millones de d\u00f3lares que anunci\u00f3 la empresa Inkillay<\/strong>, especialista en producci\u00f3n de\u00a0<strong>cannabis medicinal<\/strong>\u00a0de altura. Hay que decir que pese a que Mendoza fue la primera en legislar la producci\u00f3n de cannabis en el 2021, reci\u00e9n en agosto pasado una firma inici\u00f3 su actividad en Santa Rosa.<\/p>\n\n\n\n<p>Los directivos de la firma, que tiene su sede en Taf\u00ed del Valle, en Tucum\u00e1n, le contaron que tienen previsto instalar en estas tierras un establecimiento alimenticio y generar ac\u00e1 unos&nbsp;<strong>15 productos, la mayor\u00eda a base de harina de c\u00e1\u00f1amo<\/strong>&nbsp;para destinarla a productos alimenticios. De hecho, adelantaron que ya iniciaron&nbsp;<strong>negociaciones con la cadena de farmacias Mori<\/strong>&nbsp;para que ellos comercialicen sus productos.<\/p>\n\n\n\n<p>Seg\u00fan contaron con esa primera inversi\u00f3n<strong>\u00a0generar\u00edan unos 10 puestos de trabajo<\/strong>\u00a0y la intenci\u00f3n es diversificarse para avanzar en otras producciones. Es que la firma\u00a0<strong>tiene hoy una producci\u00f3n de 92 productos de cannabis medicinal.<\/strong><\/p>\n\n\n\n<p>Para esta primera producci\u00f3n deber\u00edan importar<strong>\u00a0harina de c\u00e1\u00f1amo<\/strong>, ya que a\u00fan no se produce en el pa\u00eds.<\/p>\n\n\n\n<figure class=\"wp-block-image\"><img decoding=\"async\" src=\"https:\/\/media.diariouno.com.ar\/p\/c3134d2e5d5d63671329548f52afaf9a\/adjuntos\/298\/imagenes\/009\/421\/0009421045\/1200x0\/smart\/cornejo-la-empresa-cannabis-medicinal-que-llegara-mendozajpg.jpg\" alt=\"\" title=\"\"\/><\/figure>\n\n\n\n<h2 class=\"wp-block-heading\">D\u00f3nde se podr\u00eda instalar esta productora de cannabis medicinal<\/h2>\n\n\n\n<p>Si bien a\u00fan no est\u00e1 definido d\u00f3nde se radicar\u00eda la firma tucumana, s\u00ed trascendi\u00f3 que sus directivos ya tomaron contacto con los intendentes&nbsp;<strong>Ulpiano Suarez<\/strong>&nbsp;(Ciudad) y&nbsp;<strong>Marcos Calvente<\/strong>&nbsp;(Guaymall\u00e9n) y est\u00e1n en b\u00fasqueda del mejor lugar.<\/p>\n\n\n\n<p>Hay que recordar que Mendoza fue la&nbsp;<strong>primera provincia en legislar la producci\u00f3n de cannabis medicinal<\/strong>&nbsp;en marzo del 2021 y desde entonces comenzaron a llegar varias firmas, de hecho en aquel momento el ex gobernador Rodolfo Suarez inaugur\u00f3 un laboratorio para esa producci\u00f3n.<\/p>\n\n\n\n<p>Eso explica tambi\u00e9n que Inkillay -que es una de las 4 empresas autorizadas por la Naci\u00f3n para producir cannabis medicinal- haya elegido estas tierras para desarrollar su&nbsp;<strong>establecimiento alimenticio<\/strong>.<\/p>\n\n\n\n<p>&#8220;Lo que nos dijeron es que entienden que&nbsp;<strong>Mendoza tiene las condiciones clim\u00e1ticas propicias<\/strong>&nbsp;para desarrollar estos productos y nosotros entendemos que es una buena oportunidad para sumar otra producci\u00f3n a nuestra matriz. Hoy en el mundo se consumen diversos productos sobre la base del cannabidiol y ser\u00eda una gran chance poder producirlos ac\u00e1 y que en un futuro se pueda exportar&#8221;, cont\u00f3 la senadora&nbsp;<strong>Fernanda Sabad\u00edn<\/strong>, quien estuvo presente en la reuni\u00f3n de Casa de Gobierno.<\/p>\n\n\n\n<p>La sola idea de que esa industria pueda finalmente arrancar en Mendoza viene generando mucha ilusi\u00f3n, sobre todo en Santa Rosa. De muestra valga contar que el terciario que la DGE inaugur\u00f3 en marzo un espacio formativo en el que la UNCuyo otorgar\u00e1 el t\u00edtulo de\u00a0<strong>encargado consciente de cultivo de cannabis medicinal<\/strong>. El cursado ya complet\u00f3 el cupo y\u00a0<strong>hay 140 inscriptos para un segundo curso.<\/strong><\/p>\n\n\n\n<h2 class=\"wp-block-heading\">C\u00f3mo es la producci\u00f3n de Inkillay en Tucum\u00e1n<\/h2>\n\n\n\n<p>Seg\u00fan lo que la misma empresa difunde en su p\u00e1gina web, esa firma est\u00e1 especializada en el desarrollo de procesos de mejoramiento gen\u00e9tico y producci\u00f3n de&nbsp;<strong>Cannabis de Altura<\/strong>.<\/p>\n\n\n\n<p>Es la \u00fanica empresa argentina que posee un proyecto de Investigaci\u00f3n y Producci\u00f3n de&nbsp;<strong>Cannabis medicinal<\/strong>&nbsp;por encima de los 2000 metros sobre el nivel del mar.<\/p>\n\n\n\n<p>Estas condiciones naturales se complementan con tecnolog\u00eda de cultivo bajo cubierta: malla reflectiva aluminizada, sistema de oscurecimiento total, sistema de refrigeraci\u00f3n con paneles evaporativos, iluminaci\u00f3n LED de alta potencia, extractores de aire, ventilaci\u00f3n interna, control de temperatura y humedad automatizados y protocolos de bioseguridad con antec\u00e1maras sanitizantes que garantizan una\u00a0<strong>producci\u00f3n estable y segura<\/strong>.<\/p>\n\n\n\n<p><strong>Fuente: www.diariouno.com.ar<\/strong><\/p>\n","protected":false},"excerpt":{"rendered":"<p>Alfredo Cornejo\u00a0tiene entre ceja y ceja apostar a la diversificaci\u00f3n de la matriz productiva de Mendoza. Por eso se entiende que se haya entusiasmado tanto con la inversi\u00f3n de\u00a0U$S1,2 millones de d\u00f3lares que anunci\u00f3 la empresa Inkillay, especialista en producci\u00f3n de\u00a0cannabis medicinal\u00a0de altura. Hay que decir que pese a que Mendoza fue la primera en [&hellip;]<\/p>\n","protected":false},"author":2,"featured_media":9500,"comment_status":"open","ping_status":"open","sticky":false,"template":"","format":"standard","meta":[],"categories":[111],"tags":[],"_links":{"self":[{"href":"https:\/\/pasaenmendoza.com\/index.php?rest_route=\/wp\/v2\/posts\/9499"}],"collection":[{"href":"https:\/\/pasaenmendoza.com\/index.php?rest_route=\/wp\/v2\/posts"}],"about":[{"href":"https:\/\/pasaenmendoza.com\/index.php?rest_route=\/wp\/v2\/types\/post"}],"author":[{"embeddable":true,"href":"https:\/\/pasaenmendoza.com\/index.php?rest_route=\/wp\/v2\/users\/2"}],"replies":[{"embeddable":true,"href":"https:\/\/pasaenmendoza.com\/index.php?rest_route=%2Fwp%2Fv2%2Fcomments&post=9499"}],"version-history":[{"count":1,"href":"https:\/\/pasaenmendoza.com\/index.php?rest_route=\/wp\/v2\/posts\/9499\/revisions"}],"predecessor-version":[{"id":9501,"href":"https:\/\/pasaenmendoza.com\/index.php?rest_route=\/wp\/v2\/posts\/9499\/revisions\/9501"}],"wp:featuredmedia":[{"embeddable":true,"href":"https:\/\/pasaenmendoza.com\/index.php?rest_route=\/wp\/v2\/media\/9500"}],"wp:attachment":[{"href":"https:\/\/pasaenmendoza.com\/index.php?rest_route=%2Fwp%2Fv2%2Fmedia&parent=9499"}],"wp:term":[{"taxonomy":"category","embeddable":true,"href":"https:\/\/pasaenmendoza.com\/index.php?rest_route=%2Fwp%2Fv2%2Fcategories&post=9499"},{"taxonomy":"post_tag","embeddable":true,"href":"https:\/\/pasaenmendoza.com\/index.php?rest_route=%2Fwp%2Fv2%2Ftags&post=9499"}],"curies":[{"name":"wp","href":"https:\/\/api.w.org\/{rel}","templated":true}]}}