{"id":9505,"date":"2024-10-09T21:51:22","date_gmt":"2024-10-09T19:51:22","guid":{"rendered":"https:\/\/pasaenmendoza.com\/?p=9505"},"modified":"2024-10-09T21:51:23","modified_gmt":"2024-10-09T19:51:23","slug":"absolvieron-por-la-duda-al-pastor-evangelico-acusado-de-abuso-sexual","status":"publish","type":"post","link":"https:\/\/pasaenmendoza.com\/?p=9505","title":{"rendered":"Absolvieron por la duda al pastor evang\u00e9lico acusado de abuso sexual"},"content":{"rendered":"\n<p>Despu\u00e9s de m\u00e1s de dos a\u00f1os de investigaci\u00f3n, audiencias y un extenso proceso judicial oral,&nbsp;<strong>la Justicia absolvi\u00f3 este mi\u00e9rcoles por la duda al pastor evang\u00e9lico Julio C\u00e9sar de la Vega P\u00e1ez&nbsp;<\/strong>de todas las acusaciones en su contra por abuso sexual.<\/p>\n\n\n\n<p>La decisi\u00f3n se conoci\u00f3 por la ma\u00f1ana tras un debate que incluy\u00f3 declaraciones testimoniales y alegatos con un pedido de 22 a\u00f1os de c\u00e1rcel de la fiscal\u00eda y la querella. Este mi\u00e9rcoles por la ma\u00f1ana culmin\u00f3 con un fallo que\u00a0<strong>deslig\u00f3 al hombre de 52 a\u00f1os de los once hechos que hab\u00edan motivado que se siente en el banquillo de los acusados<\/strong>.<\/p>\n\n\n\n<p>El caso se inici\u00f3 con la presentaci\u00f3n de dos j\u00f3venes, hoy de 25 y 28 a\u00f1os, quienes aseguraron haber sido v\u00edctimas de abusos durante su adolescencia. Los denunciantes contaron que hab\u00edan sido vejados por el pastor, quien era el m\u00e1ximo referente de la Iglesia\u00a0<strong><em>\u201cMi Rey, Vida del Se\u00f1or\u201d\u00a0<\/em><\/strong>en Las Heras, varias veces. Sin embargo, a lo largo del juicio, se presentaron pruebas que demostraron la falta de fundamento de estas acusaciones, detallaron fuentes del caso.<\/p>\n\n\n\n<p>Durante las audiencias, se destac\u00f3 un video que en su momento fue considerado una prueba incriminatoria. A pesar de esto, hubo falta de credibilidad de las acusaciones y la manipulaci\u00f3n de los testimonios por parte de algunos testigos.<\/p>\n\n\n\n<p>La defensa del pastor, a cargo de Leonardo Pasccon, argument\u00f3 que estos cambios en las declaraciones apuntaron a una tentativa de desacreditar su figura y sostener una narrativa falsa, agregaron las fuentes.<\/p>\n\n\n\n<p>El alegato de la fiscal\u00eda representada por Mar\u00eda de las Mercedes Moya, que ped\u00eda una condena de 22 a\u00f1os de prisi\u00f3n, fue debilitado por la ausencia de pruebas que vincularan a De la Vega con los supuestos hechos delictivos. Adem\u00e1s,\u00a0<em>la estrategia defensiva expuso inconsistencias y cuestion\u00f3 la veracidad de las declaraciones de los denunciantes<\/em>\u00a0a su turno de argumentar su pedido de absoluci\u00f3n.<\/p>\n\n\n\n<p>En los \u00faltimos d\u00edas, hubo movilizaciones y expresiones en redes sociales por parte de algunos \u201cfieles\u201d, que defend\u00edan al pastor como un&nbsp;<em>\u201chijo de Dios que ama la verdad\u201d<\/em>. As\u00ed las cosas, el tribunal presidido por el juez Alejando Jos\u00e9 Miguel analiz\u00f3 las pruebas que se ventilaron en el debate oral y&nbsp;<strong>termin\u00f3 absolviendo al sospechoso por la \u201cduda razonable\u201d.<\/strong><\/p>\n\n\n\n<p>Un elemento que cobr\u00f3 relevancia en el juicio fue la falta de corroboraci\u00f3n de los relatos de los denunciantes, quienes, a pesar de haber declarado varias veces y confirmado los hechos,&nbsp;<strong>no lograron sostener sus acusaciones frente al an\u00e1lisis que se hizo de la prueba.<\/strong><\/p>\n\n\n\n<p>El tribunal, despu\u00e9s de evaluar todos los elementos, resolvi\u00f3 que las acusaciones carec\u00edan de sustento y que el pastor no hab\u00eda cometido los delitos que se le imputaban.<\/p>\n\n\n\n<p>De acuerdo con fuentes judiciales, en los pr\u00f3ximos d\u00edas se conocer\u00e1n los fundamentos de la sentencia y luego la fiscal\u00eda y la querellan, a cargo de\u00a0<strong>Emmanuel Apolo<\/strong>, analizar\u00e1n el documento para definir si presentan un recurso de casaci\u00f3n ante el m\u00e1ximo tribunal de Justicia, la Suprema Corte.<\/p>\n\n\n\n<p><strong>Fuente: www.elsol.com.ar<\/strong><\/p>\n","protected":false},"excerpt":{"rendered":"<p>Despu\u00e9s de m\u00e1s de dos a\u00f1os de investigaci\u00f3n, audiencias y un extenso proceso judicial oral,&nbsp;la Justicia absolvi\u00f3 este mi\u00e9rcoles por la duda al pastor evang\u00e9lico Julio C\u00e9sar de la Vega P\u00e1ez&nbsp;de todas las acusaciones en su contra por abuso sexual. La decisi\u00f3n se conoci\u00f3 por la ma\u00f1ana tras un debate que incluy\u00f3 declaraciones testimoniales y [&hellip;]<\/p>\n","protected":false},"author":2,"featured_media":9506,"comment_status":"open","ping_status":"open","sticky":false,"template":"","format":"standard","meta":[],"categories":[48],"tags":[],"_links":{"self":[{"href":"https:\/\/pasaenmendoza.com\/index.php?rest_route=\/wp\/v2\/posts\/9505"}],"collection":[{"href":"https:\/\/pasaenmendoza.com\/index.php?rest_route=\/wp\/v2\/posts"}],"about":[{"href":"https:\/\/pasaenmendoza.com\/index.php?rest_route=\/wp\/v2\/types\/post"}],"author":[{"embeddable":true,"href":"https:\/\/pasaenmendoza.com\/index.php?rest_route=\/wp\/v2\/users\/2"}],"replies":[{"embeddable":true,"href":"https:\/\/pasaenmendoza.com\/index.php?rest_route=%2Fwp%2Fv2%2Fcomments&post=9505"}],"version-history":[{"count":1,"href":"https:\/\/pasaenmendoza.com\/index.php?rest_route=\/wp\/v2\/posts\/9505\/revisions"}],"predecessor-version":[{"id":9507,"href":"https:\/\/pasaenmendoza.com\/index.php?rest_route=\/wp\/v2\/posts\/9505\/revisions\/9507"}],"wp:featuredmedia":[{"embeddable":true,"href":"https:\/\/pasaenmendoza.com\/index.php?rest_route=\/wp\/v2\/media\/9506"}],"wp:attachment":[{"href":"https:\/\/pasaenmendoza.com\/index.php?rest_route=%2Fwp%2Fv2%2Fmedia&parent=9505"}],"wp:term":[{"taxonomy":"category","embeddable":true,"href":"https:\/\/pasaenmendoza.com\/index.php?rest_route=%2Fwp%2Fv2%2Fcategories&post=9505"},{"taxonomy":"post_tag","embeddable":true,"href":"https:\/\/pasaenmendoza.com\/index.php?rest_route=%2Fwp%2Fv2%2Ftags&post=9505"}],"curies":[{"name":"wp","href":"https:\/\/api.w.org\/{rel}","templated":true}]}}