{"id":9520,"date":"2024-10-10T21:28:04","date_gmt":"2024-10-10T19:28:04","guid":{"rendered":"https:\/\/pasaenmendoza.com\/?p=9520"},"modified":"2024-10-10T21:28:05","modified_gmt":"2024-10-10T19:28:05","slug":"la-reacciones-luego-de-que-la-uncuyo-declaro-personas-no-gratas-a-los-diputados-libertarios-mendocinos","status":"publish","type":"post","link":"https:\/\/pasaenmendoza.com\/?p=9520","title":{"rendered":"La reacciones luego de que la UNCuyo declar\u00f3 personas no gratas a los diputados libertarios mendocinos"},"content":{"rendered":"\n<p>El Consejo Superior de la Universidad Nacional de Cuyo (<strong>UNCuyo<\/strong>) declar\u00f3 &#8220;<strong>personas no gratas&#8221;<\/strong>\u00a0a los diputados libertarios\u00a0<strong>Mercedes Llano, Alvaro Mart\u00ednez y Facundo Correa Llano<\/strong>\u00a0por respaldar en el Congreso el\u00a0<strong>veto de Javier Milei a la Ley de\u00a0Financiamiento Universitario.<\/strong><\/p>\n\n\n\n<p>Dos de los libertarios argumentaron el motivo de su decisi\u00f3n en las redes sociales.\u00a0<strong>Correa Llano\u00a0<\/strong>explic\u00f3, a trav\u00e9s de su perfil en X, que el financiamiento de las universidades no contempla el impacto fiscal ni de d\u00f3nde van a salir los fondos para sostenerlo. Mientras,\u00a0<strong>Mart\u00ednez\u00a0<\/strong>asegur\u00f3 que van a defender la universidad p\u00fablica, pero no leyes sin respaldo presupuestario.<\/p>\n\n\n\n<p>Por su parte&nbsp;<strong>Mercedes Llano<\/strong>, quien fue criticada con dureza -ya que es docente de la UNCuyo y fue investigadora del Conicet-, explic\u00f3 que &#8220;no est\u00e1 en discusi\u00f3n la educaci\u00f3n p\u00fablica universitaria, sino los mecanismos de actualizaci\u00f3n salarial&#8221;.<\/p>\n\n\n\n<p>Tras la declaraci\u00f3n de la UNCuyo contra los legisladores libertarios el&nbsp;<strong>Partido Dem\u00f3crata<\/strong>, a trav\u00e9s de un comunicado, repudi\u00f3 a la casa de Estudios y manifest\u00f3 su apoyo a los diputados, sobre todo a Mercedes Llano.<\/p>\n\n\n\n<p>Con todo, desde la casa de estudios confirmaron que\u00a0<strong>se vot\u00f3 la declaraci\u00f3n pero a\u00fan no se ha emitido resoluci\u00f3n<\/strong>; y aseguraron que en la pr\u00e1ctica no habr\u00e1 mayores consecuencias sobre la\u00a0<strong>actividad docente\u00a0<\/strong>que puedan llevar a cabo los involucrados.<\/p>\n\n\n\n<h2 class=\"wp-block-heading\"><strong>Veto al financiamiento universitario y repercusiones<\/strong><\/h2>\n\n\n\n<p>Este mi\u00e9rcoles diputados nacionales decidieron&nbsp;<strong>mantener el veto de Javier Milei<\/strong>&nbsp;a la Ley de Financiamiento Universitario. La oposici\u00f3n no logr\u00f3 reunir los 2\/3 necesarios para ratificar la norma. La votaci\u00f3n termin\u00f3 con 160 votos en contra del veto y 85 a favor.<\/p>\n\n\n\n<p>Si bien los bloques de la UCR, Encuentro Federal, por Santa Cruz, Producci\u00f3n y Trabajo, la izquierda y el kirchnerismo hab\u00edan logrado reunir 159 votos, el oficialismo de\u00a0<strong>La Libertad Avanza (LLA)<\/strong>\u00a0consigui\u00f3 las 84 voluntades necesarias para sostener el veto.<\/p>\n\n\n\n<h2 class=\"wp-block-heading\">El comunicado del PD apoyando a Mercedes Llano<\/h2>\n\n\n\n<p><em>Manifestamos nuestro total repudio a la resoluci\u00f3n del&nbsp;<strong>Consejo Superior de la UNCuyo<\/strong>&nbsp;mediante la cual declaran como persona no grata a la Diputada Nacional por el Partido Dem\u00f3crata Mercedes Llano, entre otros legisladores, por el hecho de expresar libre y responsablemente su posici\u00f3n sobre el financiamiento de Universidad p\u00fablica a trav\u00e9s de su voto en la C\u00e1mara de Diputados de la Naci\u00f3n.<\/em><\/p>\n\n\n\n<p><em>Dicha actitud no hace otra cosa que dejar en evidencia el accionar intolerante y autoritario del Consejo,&nbsp;<strong>prominentemente radical<\/strong>, producto de la partidizaci\u00f3n a la que se encuentra sometida la UNCuyo, pretendiendo aleccionar y acallar al que piensa distinto.<\/em><\/p>\n\n\n\n<p><em>Levantemos a\u00fan m\u00e1s nuestra voz en la defensa genuina de la&nbsp;<strong>universidad p\u00fablica<\/strong>, sin mezquindades partidarias, erigi\u00e9ndola en un templo de la diversidad democr\u00e1tica y de la libre expresi\u00f3n de las ideas. Castigar y sancionar a quienes piensan diferente demuestra una vocaci\u00f3n autoritaria contraria totalmente a la filosof\u00eda de la libertad que impregna a nuestra Constituci\u00f3n y que con ah\u00ednco defendimos los propulsores de la creaci\u00f3n de la UNCuyo.<\/em><\/p>\n\n\n\n<p><em>A este acto de intolerancia se agregan los hechos de&nbsp;<strong>vandalismo&nbsp;<\/strong>perpetrados contra nuestra sede partidaria, cabal muestra del&nbsp;<strong>fascismo&nbsp;<\/strong>imperante.<\/em><\/p>\n\n\n\n<p><em>Desde el\u00a0<strong>Partido Dem\u00f3crata<\/strong>\u00a0exhortamos a las autoridades de las UNCuyo a preservar la integridad de los diputados nacionales y las responsabilizamos ante cualquier acto de incitaci\u00f3n de violencia hacia ellos.<\/em><\/p>\n\n\n\n<p><strong>Fuente: www.diariouno.com.ar<\/strong><\/p>\n","protected":false},"excerpt":{"rendered":"<p>El Consejo Superior de la Universidad Nacional de Cuyo (UNCuyo) declar\u00f3 &#8220;personas no gratas&#8221;\u00a0a los diputados libertarios\u00a0Mercedes Llano, Alvaro Mart\u00ednez y Facundo Correa Llano\u00a0por respaldar en el Congreso el\u00a0veto de Javier Milei a la Ley de\u00a0Financiamiento Universitario. Dos de los libertarios argumentaron el motivo de su decisi\u00f3n en las redes sociales.\u00a0Correa Llano\u00a0explic\u00f3, a trav\u00e9s de [&hellip;]<\/p>\n","protected":false},"author":2,"featured_media":9521,"comment_status":"open","ping_status":"open","sticky":false,"template":"","format":"standard","meta":[],"categories":[50],"tags":[],"_links":{"self":[{"href":"https:\/\/pasaenmendoza.com\/index.php?rest_route=\/wp\/v2\/posts\/9520"}],"collection":[{"href":"https:\/\/pasaenmendoza.com\/index.php?rest_route=\/wp\/v2\/posts"}],"about":[{"href":"https:\/\/pasaenmendoza.com\/index.php?rest_route=\/wp\/v2\/types\/post"}],"author":[{"embeddable":true,"href":"https:\/\/pasaenmendoza.com\/index.php?rest_route=\/wp\/v2\/users\/2"}],"replies":[{"embeddable":true,"href":"https:\/\/pasaenmendoza.com\/index.php?rest_route=%2Fwp%2Fv2%2Fcomments&post=9520"}],"version-history":[{"count":1,"href":"https:\/\/pasaenmendoza.com\/index.php?rest_route=\/wp\/v2\/posts\/9520\/revisions"}],"predecessor-version":[{"id":9522,"href":"https:\/\/pasaenmendoza.com\/index.php?rest_route=\/wp\/v2\/posts\/9520\/revisions\/9522"}],"wp:featuredmedia":[{"embeddable":true,"href":"https:\/\/pasaenmendoza.com\/index.php?rest_route=\/wp\/v2\/media\/9521"}],"wp:attachment":[{"href":"https:\/\/pasaenmendoza.com\/index.php?rest_route=%2Fwp%2Fv2%2Fmedia&parent=9520"}],"wp:term":[{"taxonomy":"category","embeddable":true,"href":"https:\/\/pasaenmendoza.com\/index.php?rest_route=%2Fwp%2Fv2%2Fcategories&post=9520"},{"taxonomy":"post_tag","embeddable":true,"href":"https:\/\/pasaenmendoza.com\/index.php?rest_route=%2Fwp%2Fv2%2Ftags&post=9520"}],"curies":[{"name":"wp","href":"https:\/\/api.w.org\/{rel}","templated":true}]}}