{"id":9523,"date":"2024-10-10T21:33:23","date_gmt":"2024-10-10T19:33:23","guid":{"rendered":"https:\/\/pasaenmendoza.com\/?p=9523"},"modified":"2024-10-10T21:33:24","modified_gmt":"2024-10-10T19:33:24","slug":"becas-mensuales-asi-es-el-nuevo-plan-para-sumar-mas-policias-y-penitenciarios-en-mendoza","status":"publish","type":"post","link":"https:\/\/pasaenmendoza.com\/?p=9523","title":{"rendered":"Becas mensuales: as\u00ed es el nuevo plan para sumar m\u00e1s polic\u00edas y penitenciarios en Mendoza"},"content":{"rendered":"\n<p>El gobernador&nbsp;<strong>Alfredo Cornejo<\/strong>&nbsp;anunci\u00f3 este jueves la creaci\u00f3n de becas para los estudiantes del&nbsp;<strong>Instituto Universitario de Seguridad P\u00fablica (IUSP)<\/strong>. El aporte que realizar\u00e1 la provincia ser\u00e1 de $200.000 por mes para los aspirantes a ingresar a la&nbsp;<strong>Polic\u00eda de Mendoza&nbsp;<\/strong>y al<strong>&nbsp;Servicio Penitenciario&nbsp;<\/strong>provincial.<\/p>\n\n\n\n<p>La intenci\u00f3n del Ejecutivo es que, a partir de esta ayuda, los estudiantes del IUSP, que depende de la&nbsp;<strong>Universidad Nacional de Cuyo<\/strong>, puedan contar con un incentivo durante el transcurso de su formaci\u00f3n acad\u00e9mica.<\/p>\n\n\n\n<p>\u201c<em>A partir de noviembre, vamos a entregar becas de $200.000 para los estudiantes del IUSP. De esta manera, vamos a incentivar sus estudios y a que m\u00e1s mendocinos se sigan sumando a las fuerzas de seguridad de nuestra provincia<\/em>\u201d, expres\u00f3 Cornejo.<\/p>\n\n\n\n<p>Desde el&nbsp;<strong>Ministerio de Seguridad y Justicia<\/strong>&nbsp;detallaron que, en 2024, se han inscripto alrededor de<strong>&nbsp;2.800 personas en el IUSP, de las cuales solo el 17% ha logrado finalizar sus estudios policiales<\/strong>. Para el Gobierno, la baja cifra de egresados se debe a la rigurosidad tanto de la formaci\u00f3n como de la parte t\u00e9cnica de la carrera de Seguridad.<\/p>\n\n\n\n<p>\u201c<em>Hemos tenido m\u00e1s de 2.800 inscriptos este a\u00f1o y solo el 17% ha cumplido con todos los requisitos, lo que indica que Mendoza tiene una de las formaciones policiales m\u00e1s exigentes del pa\u00eds. Estamos apostando a la profesionalizaci\u00f3n<\/em>\u201d, manifest\u00f3 Cornejo.<\/p>\n\n\n\n<p>El anuncio se dio en la Base C\u00f3ndor, donde la cartera que encabeza\u00a0<strong>Mercedes Rus<\/strong>\u00a0present\u00f3 la incorporaci\u00f3n de\u00a0<strong>240 efectivos policiales<\/strong>\u00a0como de una nueva flota de patrulleros para la Polic\u00eda de Mendoza.<\/p>\n\n\n\n<p>\u201c<em>Estamos haciendo un importante esfuerzo en lo econ\u00f3mico porque queremos fortalecer los ingresos de nuevos aspirantes. Sabemos que contamos con filtros que son rigurosos en las partes f\u00edsicas, t\u00e9cnicas y psicol\u00f3gicas, pero apostamos a una formaci\u00f3n de excelencia de efectivos<\/em>\u201d, precis\u00f3 Rus.<\/p>\n\n\n\n<p>Se trata de&nbsp;<strong>123 m\u00f3viles<\/strong>&nbsp;equipados con c\u00e1maras de videovigilancia internas y externas, adem\u00e1s de computadoras a bordo que permiten procesar y transmitir im\u00e1genes en vivo al<strong>&nbsp;Centro de Emergencias Operativas (CEO)<\/strong>. A su vez, cuentan con un sistema de lectura autom\u00e1tica de patentes (ALPR).<\/p>\n\n\n\n<p>Tambi\u00e9n el Ministerio incorpor\u00f3\u00a0<strong>20 veh\u00edculos\u00a0<\/strong>con un sistema de burbuja para detenidos. El Servicio Penitenciario tambi\u00e9n fue beneficiado con 6 utilitarios que ser\u00e1n destinados para tareas operativas.<\/p>\n\n\n\n<p>Por otro lado, los estudiantes del IUSP que est\u00e9n a punto de recibirme tambi\u00e9n van a poner ser acceder a esta beca desde el mes de noviembre, con un retroactivo del octubre.<\/p>\n\n\n\n<p>La funcionaria sostuvo que desde su cartera apuntan a \u201c<em>tener los mejores polic\u00edas y por eso otorgamos estas becas para que puedan contar con los mejores recursos tanto tecnol\u00f3gicos como econ\u00f3micos<\/em>\u201d.<\/p>\n\n\n\n<p>Por \u00faltimo, la exsenadora provincial detall\u00f3 que en lo que va del a\u00f1o se han incorporado&nbsp;<strong>640 efectivos nuevos<\/strong>&nbsp;y en las pr\u00f3ximas semanas se sumar\u00e1n una camada de 40 polic\u00edas m\u00e1s.<\/p>\n\n\n\n<p>\u201c<em>A finales de noviembre se van a recibir 40 aspirantes a polic\u00edas que se van a sumar al trabajo de la ley de bienes que realizaran tareas de investigaci\u00f3n. Estas personas cuentan con estudios forenses y criminal\u00edsticas<\/em>\u201d, finaliz\u00f3 Rus. \u00a0<\/p>\n\n\n\n<p><strong>Fuente: www.elsol.com.ar<\/strong><\/p>\n","protected":false},"excerpt":{"rendered":"<p>El gobernador&nbsp;Alfredo Cornejo&nbsp;anunci\u00f3 este jueves la creaci\u00f3n de becas para los estudiantes del&nbsp;Instituto Universitario de Seguridad P\u00fablica (IUSP). El aporte que realizar\u00e1 la provincia ser\u00e1 de $200.000 por mes para los aspirantes a ingresar a la&nbsp;Polic\u00eda de Mendoza&nbsp;y al&nbsp;Servicio Penitenciario&nbsp;provincial. La intenci\u00f3n del Ejecutivo es que, a partir de esta ayuda, los estudiantes del IUSP, [&hellip;]<\/p>\n","protected":false},"author":2,"featured_media":9524,"comment_status":"open","ping_status":"open","sticky":false,"template":"","format":"standard","meta":[],"categories":[47],"tags":[],"_links":{"self":[{"href":"https:\/\/pasaenmendoza.com\/index.php?rest_route=\/wp\/v2\/posts\/9523"}],"collection":[{"href":"https:\/\/pasaenmendoza.com\/index.php?rest_route=\/wp\/v2\/posts"}],"about":[{"href":"https:\/\/pasaenmendoza.com\/index.php?rest_route=\/wp\/v2\/types\/post"}],"author":[{"embeddable":true,"href":"https:\/\/pasaenmendoza.com\/index.php?rest_route=\/wp\/v2\/users\/2"}],"replies":[{"embeddable":true,"href":"https:\/\/pasaenmendoza.com\/index.php?rest_route=%2Fwp%2Fv2%2Fcomments&post=9523"}],"version-history":[{"count":1,"href":"https:\/\/pasaenmendoza.com\/index.php?rest_route=\/wp\/v2\/posts\/9523\/revisions"}],"predecessor-version":[{"id":9525,"href":"https:\/\/pasaenmendoza.com\/index.php?rest_route=\/wp\/v2\/posts\/9523\/revisions\/9525"}],"wp:featuredmedia":[{"embeddable":true,"href":"https:\/\/pasaenmendoza.com\/index.php?rest_route=\/wp\/v2\/media\/9524"}],"wp:attachment":[{"href":"https:\/\/pasaenmendoza.com\/index.php?rest_route=%2Fwp%2Fv2%2Fmedia&parent=9523"}],"wp:term":[{"taxonomy":"category","embeddable":true,"href":"https:\/\/pasaenmendoza.com\/index.php?rest_route=%2Fwp%2Fv2%2Fcategories&post=9523"},{"taxonomy":"post_tag","embeddable":true,"href":"https:\/\/pasaenmendoza.com\/index.php?rest_route=%2Fwp%2Fv2%2Ftags&post=9523"}],"curies":[{"name":"wp","href":"https:\/\/api.w.org\/{rel}","templated":true}]}}