{"id":9529,"date":"2024-10-10T21:44:15","date_gmt":"2024-10-10T19:44:15","guid":{"rendered":"https:\/\/pasaenmendoza.com\/?p=9529"},"modified":"2024-10-10T21:44:16","modified_gmt":"2024-10-10T19:44:16","slug":"quien-es-la-mendocina-que-se-metio-en-la-lista-de-las-leonas","status":"publish","type":"post","link":"https:\/\/pasaenmendoza.com\/?p=9529","title":{"rendered":"\u00bfQui\u00e9n es la mendocina que se meti\u00f3 en la lista de Las Leonas?"},"content":{"rendered":"\n<p>El\u00a0<strong>hockey sobre c\u00e9sped<\/strong>\u00a0mendocino recibi\u00f3 una grata noticia esta semana, ya que una jugadora de nuestra provincia fue convocada a\u00a0<strong>Las Leonas<\/strong>\u00a0para comenzar un nuevo proceso de entrenamientos. El head coach, Fernando Ferrara, opt\u00f3 por conformar una lista sin las grandes figuras y las\u00a0hist\u00f3ricas, por lo que asoma un gran recambio.<\/p>\n\n\n\n<p>La encargada de representar a Mendoza en el seleccionado argentino ser\u00e1 Malena Sabez, defensora de Los Tordos, que a lo largo del \u00faltimo a\u00f1o demostr\u00f3 grandes rendimientos a nivel local y con Las Leoncitas, en donde lleg\u00f3 a obtener el segundo puesto en el Mundial de Santiago de Chile 2023 y fue campeona del Panamericano 2024.<\/p>\n\n\n\n<p>Dentro de la n\u00f3mina\u00a0asoman otros grandes talentos del Metropolitano y otros puntos del pa\u00eds. Esto se debe principalmente al \u00e9xodo de jugadoras que partieron al viejo continente tras la obtenci\u00f3n de la medalla de bronce en Par\u00eds, por lo que el entrenador apost\u00f3 por citar a deportistas del medio local, quienes deber\u00e1n presentarse en el CENARD el 14 de octubre.<\/p>\n\n\n\n<p>Adem\u00e1s de Sabez, las convocadas para este proceso son:\u00a0Catalina Alimenti, Agostina Alonso, Victoria Amaya, Catalina Andrade, Julieta Arcidiacono, Brisa Bruggesser, Sof\u00eda Cairo, Josefina Cannone, Agustina Capobianco, Lara\u00a0Casas, Juana Castellaro,<br>Carla Cortez, Mar\u00eda Victoria Del Carril, Zoe D\u00edaz, Ana Luz Dodorico, Candela Esandi, Valentina Ferola, Aldana Gomis, Mar\u00eda Emilia Larsen, Jorgelina Noelia Maciel Peralta, Valentina Marcucci, Victoria Miranda, Candela Nobile, Trinidad Ovejero,\u00a0<br>Lourdes P\u00e9rez Iturraspe, Mariana\u00a0Pineda, Brisa Ruggeri, Paula Santamarina, Valentina Torres y Denise Abril Wasinski.<\/p>\n\n\n\n<p>La agenda de\u00a0<strong>Las Leonas\u00a0<\/strong>marca que\u00a0del 10 al 15 de diciembre se pondr\u00e1 en marcha una nueva edici\u00f3n de la Pro League en Santiago del Estero. Adem\u00e1s del prestigioso certamen anual, el pr\u00f3ximo desaf\u00edo ser\u00e1 la Copa Panamericana 2025, que se desarrollar\u00e1\u00a0del 24 de julio al 3 de agosto y otorga un cupo para la Copa del Mundo 2026.<\/p>\n\n\n\n<p><strong>Fuente: www.mdzol.com<\/strong><\/p>\n","protected":false},"excerpt":{"rendered":"<p>El\u00a0hockey sobre c\u00e9sped\u00a0mendocino recibi\u00f3 una grata noticia esta semana, ya que una jugadora de nuestra provincia fue convocada a\u00a0Las Leonas\u00a0para comenzar un nuevo proceso de entrenamientos. El head coach, Fernando Ferrara, opt\u00f3 por conformar una lista sin las grandes figuras y las\u00a0hist\u00f3ricas, por lo que asoma un gran recambio. La encargada de representar a Mendoza [&hellip;]<\/p>\n","protected":false},"author":2,"featured_media":9530,"comment_status":"open","ping_status":"open","sticky":false,"template":"","format":"standard","meta":[],"categories":[81],"tags":[],"_links":{"self":[{"href":"https:\/\/pasaenmendoza.com\/index.php?rest_route=\/wp\/v2\/posts\/9529"}],"collection":[{"href":"https:\/\/pasaenmendoza.com\/index.php?rest_route=\/wp\/v2\/posts"}],"about":[{"href":"https:\/\/pasaenmendoza.com\/index.php?rest_route=\/wp\/v2\/types\/post"}],"author":[{"embeddable":true,"href":"https:\/\/pasaenmendoza.com\/index.php?rest_route=\/wp\/v2\/users\/2"}],"replies":[{"embeddable":true,"href":"https:\/\/pasaenmendoza.com\/index.php?rest_route=%2Fwp%2Fv2%2Fcomments&post=9529"}],"version-history":[{"count":1,"href":"https:\/\/pasaenmendoza.com\/index.php?rest_route=\/wp\/v2\/posts\/9529\/revisions"}],"predecessor-version":[{"id":9531,"href":"https:\/\/pasaenmendoza.com\/index.php?rest_route=\/wp\/v2\/posts\/9529\/revisions\/9531"}],"wp:featuredmedia":[{"embeddable":true,"href":"https:\/\/pasaenmendoza.com\/index.php?rest_route=\/wp\/v2\/media\/9530"}],"wp:attachment":[{"href":"https:\/\/pasaenmendoza.com\/index.php?rest_route=%2Fwp%2Fv2%2Fmedia&parent=9529"}],"wp:term":[{"taxonomy":"category","embeddable":true,"href":"https:\/\/pasaenmendoza.com\/index.php?rest_route=%2Fwp%2Fv2%2Fcategories&post=9529"},{"taxonomy":"post_tag","embeddable":true,"href":"https:\/\/pasaenmendoza.com\/index.php?rest_route=%2Fwp%2Fv2%2Ftags&post=9529"}],"curies":[{"name":"wp","href":"https:\/\/api.w.org\/{rel}","templated":true}]}}