{"id":9541,"date":"2024-10-14T22:33:40","date_gmt":"2024-10-14T20:33:40","guid":{"rendered":"https:\/\/pasaenmendoza.com\/?p=9541"},"modified":"2024-10-14T22:33:41","modified_gmt":"2024-10-14T20:33:41","slug":"acribillaron-a-balazos-a-un-joven-en-las-heras-tenia-19-anos-e-iba-a-ser-padre","status":"publish","type":"post","link":"https:\/\/pasaenmendoza.com\/?p=9541","title":{"rendered":"Acribillaron a balazos a un joven en Las Heras: ten\u00eda 19 a\u00f1os e iba a ser padre"},"content":{"rendered":"\n<p><strong>Un joven de 19 a\u00f1os fue asesinado con un arma de fuego<\/strong>&nbsp;la tarde de este lunes en Las Heras. En principio, recibi\u00f3 ocho balazos en el barrio Belgrano. La informaci\u00f3n policial sostiene que el hecho ocurri\u00f3 despu\u00e9s de las 14 y la v\u00edctima fue identificada como&nbsp;<strong>Orlando Ram\u00f3n Rodr\u00edguez Rosales<\/strong>, quien pr\u00e1cticamente no pudo reaccionar ante la agresi\u00f3n de un sujeto armado.<\/p>\n\n\n\n<p>Para los investigadores que hablaron con este diario, ser\u00edan dos los hombres lo que se acercaron y luego escaparon un veh\u00edculo.<\/p>\n\n\n\n<p>A la hora citada, vecinos llamaron al 911 e informaron sobre una serie de detonaciones de arma de fuego en el popular complejo ubicado hacia el oeste del aeropuerto El Plumerillo, entre los barrios Montbrun Ocampo y Arquitecto Alfaro y tambi\u00e9n colindante hacia el sur con el 26 de Enero.<\/p>\n\n\n\n<p>Cuando llegaron las primeras movilidades, encontraron una importante cantidad de vainas servidas en la escena. Luego de los impactos,&nbsp;<strong>la v\u00edctima fue llevada por vecinos de urgencia hasta el Hospital Carrillo en un VW Polo.<\/strong><\/p>\n\n\n\n<p>En el efector p\u00fablico lo atendieron en la guardia y m\u00e9dicos realizaron maniobras de resucitaci\u00f3n para intentar salvarle la vida; sin embargo,&nbsp;<strong>confirmaron el deceso por lesiones en la espalda, brazo y ment\u00f3n.<\/strong><\/p>\n\n\n\n<p>Por fuentes policiales, judiciales y vecinales,\u00a0<strong>Rodr\u00edguez ten\u00eda relaci\u00f3n con algunos personajes del oeste de Godoy Cruz<\/strong>. Es m\u00e1s, se encontraba en una vivienda en construcci\u00f3n cuando se produjo el ataque y<strong>\u00a0describieron que iba a ser padre porque su pareja se encuentra embarazada.<\/strong><\/p>\n\n\n\n<p>El caso qued\u00f3 en manos de la fiscal de\u00a0<strong>Homicidios Andrea Lazo\u00a0<\/strong>y los pesquisas de la Divisi\u00f3n Homicidios buscaban testigos en la barriada con el objetivo de intentar identificar a los autores y conocer los motivos del hecho de sangre.<\/p>\n\n\n\n<p><strong>Fuente: www.elsol.com.ar<\/strong><\/p>\n","protected":false},"excerpt":{"rendered":"<p>Un joven de 19 a\u00f1os fue asesinado con un arma de fuego&nbsp;la tarde de este lunes en Las Heras. En principio, recibi\u00f3 ocho balazos en el barrio Belgrano. La informaci\u00f3n policial sostiene que el hecho ocurri\u00f3 despu\u00e9s de las 14 y la v\u00edctima fue identificada como&nbsp;Orlando Ram\u00f3n Rodr\u00edguez Rosales, quien pr\u00e1cticamente no pudo reaccionar ante [&hellip;]<\/p>\n","protected":false},"author":2,"featured_media":9542,"comment_status":"open","ping_status":"open","sticky":false,"template":"","format":"standard","meta":[],"categories":[48],"tags":[],"_links":{"self":[{"href":"https:\/\/pasaenmendoza.com\/index.php?rest_route=\/wp\/v2\/posts\/9541"}],"collection":[{"href":"https:\/\/pasaenmendoza.com\/index.php?rest_route=\/wp\/v2\/posts"}],"about":[{"href":"https:\/\/pasaenmendoza.com\/index.php?rest_route=\/wp\/v2\/types\/post"}],"author":[{"embeddable":true,"href":"https:\/\/pasaenmendoza.com\/index.php?rest_route=\/wp\/v2\/users\/2"}],"replies":[{"embeddable":true,"href":"https:\/\/pasaenmendoza.com\/index.php?rest_route=%2Fwp%2Fv2%2Fcomments&post=9541"}],"version-history":[{"count":1,"href":"https:\/\/pasaenmendoza.com\/index.php?rest_route=\/wp\/v2\/posts\/9541\/revisions"}],"predecessor-version":[{"id":9543,"href":"https:\/\/pasaenmendoza.com\/index.php?rest_route=\/wp\/v2\/posts\/9541\/revisions\/9543"}],"wp:featuredmedia":[{"embeddable":true,"href":"https:\/\/pasaenmendoza.com\/index.php?rest_route=\/wp\/v2\/media\/9542"}],"wp:attachment":[{"href":"https:\/\/pasaenmendoza.com\/index.php?rest_route=%2Fwp%2Fv2%2Fmedia&parent=9541"}],"wp:term":[{"taxonomy":"category","embeddable":true,"href":"https:\/\/pasaenmendoza.com\/index.php?rest_route=%2Fwp%2Fv2%2Fcategories&post=9541"},{"taxonomy":"post_tag","embeddable":true,"href":"https:\/\/pasaenmendoza.com\/index.php?rest_route=%2Fwp%2Fv2%2Ftags&post=9541"}],"curies":[{"name":"wp","href":"https:\/\/api.w.org\/{rel}","templated":true}]}}