{"id":9550,"date":"2024-10-14T23:51:43","date_gmt":"2024-10-14T21:51:43","guid":{"rendered":"https:\/\/pasaenmendoza.com\/?p=9550"},"modified":"2024-10-14T23:51:44","modified_gmt":"2024-10-14T21:51:44","slug":"cornejo-acepto-representar-a-los-gobernadores-en-el-consejo-de-mayo-pero-pidio-construir-respaldo","status":"publish","type":"post","link":"https:\/\/pasaenmendoza.com\/?p=9550","title":{"rendered":"Cornejo acept\u00f3 representar a los gobernadores en el Consejo de Mayo, pero pidi\u00f3 construir respaldo"},"content":{"rendered":"\n<p>El presidente Javier Milei y su ministro estrella,\u00a0<strong>Federico Sturzenegger, creen que Alfredo Cornejo es ideal para representar a los gobernadores\u00a0<\/strong>en el promocionado\u00a0<strong>Consejo de Mayo<\/strong>, de donde deber\u00edan salir reformas clave como una reforma laboral ampliada y una reestructuraci\u00f3n del sistema previsional. Seg\u00fan apuntaron desde el entorno del gobernador, \u00e9l acept\u00f3 pero le pidi\u00f3 a la Naci\u00f3n que sean ellos quienes busquen los respaldos y generen los consensos para que eso funcione.<\/p>\n\n\n\n<p>A ese trabajo se habr\u00eda abocado el jefe de Gabinete, Guillermo Francos, quien ya comenz\u00f3 con la consulta a varios gobernadores, entre los que la figura de Cornejo habr\u00eda cosechado varios avales.<\/p>\n\n\n\n<p>Es claro que al Gobierno de Milei le urge conformar el Consejo de Mayo y mostrarlo activo. Por eso ya avanz\u00f3 con qui\u00e9nes lo conformar\u00e1n y pretenden citar a una reuni\u00f3n en el corto plazo en el Casa Rosada.<\/p>\n\n\n\n<p>&#8220;Nos gusta la idea de que lo vean a Cornejo como quien puede acordar con el resto de los gobernadores, pero nos parece que es la Naci\u00f3n quien debe construir esos consensos, sobretodo porque no es una labor sencilla representar a todas las provincias en reformas que seguro van a tocar distintos intereses&#8221;, advirtieron desde Casa de Gobierno.<\/p>\n\n\n\n<p>En parte esa ser\u00eda la respuesta que dio Cornejo cuando lo convoc\u00f3 el ministro Sturzenegger y cuando reafirm\u00f3 el pedido el mismo Milei.<\/p>\n\n\n\n<p>&#8220;S\u00ed, pero es un rol que exige respaldo y no puedo ser yo quien los busque&#8221;, habr\u00eda dicho sin mayores rodeos.<\/p>\n\n\n\n<p>El tema se reflot\u00f3 este fin de semana porque Francos -la figura que hace de v\u00ednculo entre la Naci\u00f3n y las provincias- agiliz\u00f3 varias consultas entre los gobernadores y al menos 10 ya habr\u00edan avalado la idea de que Cornejo los represente.<\/p>\n\n\n\n<h2 class=\"wp-block-heading\">Qui\u00e9nes se sumar\u00e1n al promocionado Consejo de Mayo<\/h2>\n\n\n\n<p>Seg\u00fan lo que ya ha trascendido, el resto de las sillas de quienes conformar\u00e1n el Consejo de Mayo ya est\u00e1n m\u00e1s o menos definidas.<\/p>\n\n\n\n<p>El secretario general de la Uni\u00f3n Obrera de la Construcci\u00f3n (UOCRA), Gerardo Mart\u00ednez, representar\u00e1 la Confederaci\u00f3n General del Trabajo (CGT). En el seno del Gobierno nacional quieren que<strong>&nbsp;el jefe de bloque del PRO, Cristian Ritondo, represente a la C\u00e1mara de Diputados<\/strong>.<\/p>\n\n\n\n<p>Pero adem\u00e1s habr\u00edan dos candidatos para ser quienes representen a la C\u00e1mara Alta: los senadores Alejandra Vigo (Unidad Federal) y Juan Carlos Romero (Cambio Federal).<\/p>\n\n\n\n<p>De hecho el representante de Naci\u00f3n es el ministro de Desregulaci\u00f3n y Transformaci\u00f3n del Estado, Federico Sturzenegger.<\/p>\n\n\n\n<p>La gran duda es quien ocupar\u00e1 la silla de los empresarios. En principio quien lo est\u00e1 definiendo es el Grupo de los Seis, que se compone de Daniel Funes de Rioja (Uni\u00f3n Industrial Argentina), Gustavo Weiss (C\u00e1mara Argentina de la Construcci\u00f3n), Javier Bolzico (Asociaci\u00f3n de Bancos Argentinos), Adelmo Gabbi (Bolsa de Comercio de Buenos Aires), Natalio Mario Grinman (C\u00e1mara Argentina de Comercio) y Nicol\u00e1s Pino (Sociedad Rural Argentina).<\/p>\n\n\n\n<p>El Ejecutivo\u00a0<strong>quiere que el Consejo de Mayo trabaje en la creaci\u00f3n de proyectos de ley<\/strong>\u00a0basados en los diez puntos que firmaron los gobernadores en el Pacto de Mayo. Buscan tratar primero una\u00a0<strong>reforma laboral ampliada y una reestructuraci\u00f3n del sistema previsional.<\/strong><\/p>\n\n\n\n<p><strong>Fuente: www.diariouno.com.ar<\/strong><\/p>\n","protected":false},"excerpt":{"rendered":"<p>El presidente Javier Milei y su ministro estrella,\u00a0Federico Sturzenegger, creen que Alfredo Cornejo es ideal para representar a los gobernadores\u00a0en el promocionado\u00a0Consejo de Mayo, de donde deber\u00edan salir reformas clave como una reforma laboral ampliada y una reestructuraci\u00f3n del sistema previsional. Seg\u00fan apuntaron desde el entorno del gobernador, \u00e9l acept\u00f3 pero le pidi\u00f3 a la [&hellip;]<\/p>\n","protected":false},"author":2,"featured_media":9551,"comment_status":"open","ping_status":"open","sticky":false,"template":"","format":"standard","meta":[],"categories":[47],"tags":[],"_links":{"self":[{"href":"https:\/\/pasaenmendoza.com\/index.php?rest_route=\/wp\/v2\/posts\/9550"}],"collection":[{"href":"https:\/\/pasaenmendoza.com\/index.php?rest_route=\/wp\/v2\/posts"}],"about":[{"href":"https:\/\/pasaenmendoza.com\/index.php?rest_route=\/wp\/v2\/types\/post"}],"author":[{"embeddable":true,"href":"https:\/\/pasaenmendoza.com\/index.php?rest_route=\/wp\/v2\/users\/2"}],"replies":[{"embeddable":true,"href":"https:\/\/pasaenmendoza.com\/index.php?rest_route=%2Fwp%2Fv2%2Fcomments&post=9550"}],"version-history":[{"count":1,"href":"https:\/\/pasaenmendoza.com\/index.php?rest_route=\/wp\/v2\/posts\/9550\/revisions"}],"predecessor-version":[{"id":9552,"href":"https:\/\/pasaenmendoza.com\/index.php?rest_route=\/wp\/v2\/posts\/9550\/revisions\/9552"}],"wp:featuredmedia":[{"embeddable":true,"href":"https:\/\/pasaenmendoza.com\/index.php?rest_route=\/wp\/v2\/media\/9551"}],"wp:attachment":[{"href":"https:\/\/pasaenmendoza.com\/index.php?rest_route=%2Fwp%2Fv2%2Fmedia&parent=9550"}],"wp:term":[{"taxonomy":"category","embeddable":true,"href":"https:\/\/pasaenmendoza.com\/index.php?rest_route=%2Fwp%2Fv2%2Fcategories&post=9550"},{"taxonomy":"post_tag","embeddable":true,"href":"https:\/\/pasaenmendoza.com\/index.php?rest_route=%2Fwp%2Fv2%2Ftags&post=9550"}],"curies":[{"name":"wp","href":"https:\/\/api.w.org\/{rel}","templated":true}]}}