{"id":9566,"date":"2024-10-15T14:33:54","date_gmt":"2024-10-15T12:33:54","guid":{"rendered":"https:\/\/pasaenmendoza.com\/?p=9566"},"modified":"2024-10-15T14:33:55","modified_gmt":"2024-10-15T12:33:55","slug":"caso-loan-aprobaron-el-traslado-de-la-tia-del-menor-al-penal-de-lujan-de-cuyo","status":"publish","type":"post","link":"https:\/\/pasaenmendoza.com\/?p=9566","title":{"rendered":"Caso Loan: aprobaron el traslado de la t\u00eda del menor al penal de Luj\u00e1n de Cuyo"},"content":{"rendered":"\n<p>Tras cuatro meses de la<strong>&nbsp;desaparici\u00f3n de Loan Danilo Pe\u00f1a<\/strong>&nbsp;en Corrientes, la jueza Cristina Pozzer Penzo aprob\u00f3 el traslado de Laudelina Pe\u00f1a, t\u00eda del menor, al Complejo Penitenciario Federal N\u00ba 6 en Luj\u00e1n de Cuyo, Mendoza.<\/p>\n\n\n\n<p>La decisi\u00f3n se tom\u00f3 por motivos de seguridad, luego de que el director General de R\u00e9gimen Correccional sugiriera que el perfil de la imputada requer\u00eda medidas especiales para garantizar su resguardo y bienestar en su lugar de detenci\u00f3n.<\/p>\n\n\n\n<p><strong>Laudelina Pe\u00f1a\u00a0<\/strong>es una de las principales sospechosas por la desaparici\u00f3n de Loan, ocurrida el 13 de junio en el paraje Algarrobal, en el departamento de 9 de Julio, Corrientes.<\/p>\n\n\n\n<p>Actualmente, se encuentra detenida en el penal de Ezeiza, pero su traslado a Luj\u00e1n de Cuyo se solicit\u00f3 con base en los riesgos que implica mantenerla en su lugar de detenci\u00f3n actual. El escrito presentado por las autoridades penitenciarias menciona que la reubicaci\u00f3n busca asegurar un entorno adecuado para la imputada, acorde a los est\u00e1ndares de seguridad penitenciaria.<\/p>\n\n\n\n<p>El\u00a0<strong>traslado de Laudelina Pe\u00f1a\u00a0<\/strong>provoc\u00f3 que la acusada desistiera de ampliar su declaraci\u00f3n indagatoria, la cual estaba prevista para realizarse v\u00eda Zoom desde el penal de Ezeiza. D\u00edas atr\u00e1s, la jueza Pozzer Penzo hab\u00eda aprobado la solicitud de la abogada defensora M\u00f3nica Chirivin para una tercera indagatoria, que se planteaba con el objetivo de aclarar aspectos mencionados en declaraciones anteriores. Sin embargo, tras conocerse el traslado, Pe\u00f1a cambi\u00f3 de parecer y decidi\u00f3 no continuar con esta acci\u00f3n legal.<\/p>\n\n\n\n<p>En su primera declaraci\u00f3n, realizada ante el fiscal de la Justicia provincial de Corrientes, Laudelina Pe\u00f1a afirm\u00f3 que Loan hab\u00eda sido atropellado por Carlos P\u00e9rez y Mar\u00eda Victoria Caillava, dos de los principales sospechosos del caso. M\u00e1s tarde, cambi\u00f3 su versi\u00f3n alegando que hab\u00eda sido coaccionada por su anterior abogado, Jos\u00e9 Codazzi, quien la hab\u00eda inducido a mentir sobre los hechos ocurridos el 13 de junio.<\/p>\n\n\n\n<p>Mientras tanto, la investigaci\u00f3n sobre la desaparici\u00f3n de Loan contin\u00faa en curso, aunque a\u00fan existen pocas certezas sobre su paradero. En paralelo, la jueza Pozzer Penzo tambi\u00e9n proces\u00f3 a diez personas vinculadas a la Fundaci\u00f3n Lucio Dupuy por diversos delitos, incluyendo privaci\u00f3n ileg\u00edtima de la libertad y encubrimiento.<\/p>\n\n\n\n<p><strong>Fuente: www.elsol.com.ar<\/strong><\/p>\n","protected":false},"excerpt":{"rendered":"<p>Tras cuatro meses de la&nbsp;desaparici\u00f3n de Loan Danilo Pe\u00f1a&nbsp;en Corrientes, la jueza Cristina Pozzer Penzo aprob\u00f3 el traslado de Laudelina Pe\u00f1a, t\u00eda del menor, al Complejo Penitenciario Federal N\u00ba 6 en Luj\u00e1n de Cuyo, Mendoza. La decisi\u00f3n se tom\u00f3 por motivos de seguridad, luego de que el director General de R\u00e9gimen Correccional sugiriera que el [&hellip;]<\/p>\n","protected":false},"author":2,"featured_media":9567,"comment_status":"open","ping_status":"open","sticky":false,"template":"","format":"standard","meta":[],"categories":[48],"tags":[],"_links":{"self":[{"href":"https:\/\/pasaenmendoza.com\/index.php?rest_route=\/wp\/v2\/posts\/9566"}],"collection":[{"href":"https:\/\/pasaenmendoza.com\/index.php?rest_route=\/wp\/v2\/posts"}],"about":[{"href":"https:\/\/pasaenmendoza.com\/index.php?rest_route=\/wp\/v2\/types\/post"}],"author":[{"embeddable":true,"href":"https:\/\/pasaenmendoza.com\/index.php?rest_route=\/wp\/v2\/users\/2"}],"replies":[{"embeddable":true,"href":"https:\/\/pasaenmendoza.com\/index.php?rest_route=%2Fwp%2Fv2%2Fcomments&post=9566"}],"version-history":[{"count":1,"href":"https:\/\/pasaenmendoza.com\/index.php?rest_route=\/wp\/v2\/posts\/9566\/revisions"}],"predecessor-version":[{"id":9568,"href":"https:\/\/pasaenmendoza.com\/index.php?rest_route=\/wp\/v2\/posts\/9566\/revisions\/9568"}],"wp:featuredmedia":[{"embeddable":true,"href":"https:\/\/pasaenmendoza.com\/index.php?rest_route=\/wp\/v2\/media\/9567"}],"wp:attachment":[{"href":"https:\/\/pasaenmendoza.com\/index.php?rest_route=%2Fwp%2Fv2%2Fmedia&parent=9566"}],"wp:term":[{"taxonomy":"category","embeddable":true,"href":"https:\/\/pasaenmendoza.com\/index.php?rest_route=%2Fwp%2Fv2%2Fcategories&post=9566"},{"taxonomy":"post_tag","embeddable":true,"href":"https:\/\/pasaenmendoza.com\/index.php?rest_route=%2Fwp%2Fv2%2Ftags&post=9566"}],"curies":[{"name":"wp","href":"https:\/\/api.w.org\/{rel}","templated":true}]}}