{"id":9569,"date":"2024-10-15T14:37:07","date_gmt":"2024-10-15T12:37:07","guid":{"rendered":"https:\/\/pasaenmendoza.com\/?p=9569"},"modified":"2024-10-15T14:37:08","modified_gmt":"2024-10-15T12:37:08","slug":"el-motivo-por-el-cual-el-ex-juez-walter-bento-esta-en-su-casa-de-palmares","status":"publish","type":"post","link":"https:\/\/pasaenmendoza.com\/?p=9569","title":{"rendered":"El motivo por el cual el ex juez Walter Bento est\u00e1 en su casa de Palmares"},"content":{"rendered":"\n<p>El Tribunal Oral Federal 2 de Mendoza<strong>&nbsp;autoriz\u00f3 al procesado ex juez Walter Bento salir excepcionalmente de la c\u00e1rcel federal de Cacheuta<\/strong>&nbsp;durante tres d\u00edas para atender los cuidados de su esposa y su hijo menor, que es discapacitado.<\/p>\n\n\n\n<p>Las magistradas que lideran el juicio oral por hecho de corrupci\u00f3n contra el otrora titular del Juzgado Federal N\u00ba1,&nbsp;<strong>Gretel Diamante, Mar\u00eda Carolina Pereira y Eliana Ratta,<\/strong>&nbsp;hicieron parcialmente lugar al pedido de la defensa el viernes 10 luego de analizar y rechazar la prisi\u00f3n domiciliaria y&nbsp;<strong>permanece alojado sin recibir visitas (salvo de su familia directa o representantes legales) en su vivienda del barrio privado Palmares de Godoy Cruz desde este lunes.<\/strong><\/p>\n\n\n\n<p>El beneficio abarca el periodo comprendido entre la jornada citada hasta el jueves 17 a las 7, cuando deber\u00e1 ser trasladado nuevamente al penal ubicado en Luj\u00e1n.<\/p>\n\n\n\n<p>Bento respondi\u00f3 y se quej\u00f3 porque dicen que est\u00e1n amedrentando al Ministerio Pupilar. \u00bfPor qu\u00e9? Porque el Tribunal dice que no est\u00e1 cumpliendo con su rol y que deben capacitar personal para atender al chico.<\/p>\n\n\n\n<p>Adem\u00e1s, las<strong>&nbsp;magistradas advirtieron que sea Bento el que articule la relaci\u00f3n con los cuidadores del menor.<\/strong><\/p>\n\n\n\n<p>El ex juez no fue habilitado para recibir visitas durante su estad\u00eda en el barrio privado de Godoy Cruz, salvo familiares directos o sus abogados defensores. La custodia est\u00e1 a cargo de Gendarmer\u00eda Nacional.<\/p>\n\n\n\n<p>De acuerdo con la defensa del ex magistrado, la prioridad es garantizar la salud emocional del hijo de Bento.<\/p>\n\n\n\n<p>El pedido est\u00e1 relacionado con el estado de salud de su esposa, Marta Boiza, que se encuentra internada por un problema en una pierna. Esto ha provocado que ninguno de los progenitores pueda estar en contacto con el chico.<\/p>\n\n\n\n<h2 class=\"wp-block-heading\" id=\"h-el-hecho-que-lo-llevo-a-juicio\">El hecho que lo llev\u00f3 a juicio<\/h2>\n\n\n\n<p>La investigaci\u00f3n contra Bento la inici\u00f3 el fiscal general Dante Vega. Luego el expediente recay\u00f3 en el juez sure\u00f1o&nbsp;<strong>Eduardo Puigd\u00e9ngolas<\/strong>. El cuestionado magistrado termin\u00f3 procesado en 15 casos de cohecho (coimas) y como l\u00edder de una asociaci\u00f3n il\u00edcita que otorgaba beneficios a acusados de delitos graves a trav\u00e9s de una red de abogados.&nbsp;<strong>Desde hace m\u00e1s de un a\u00f1o, es juzgado por todos estos hechos con casi 30 acusados m\u00e1s.<\/strong><\/p>\n\n\n\n<p>Entre los presuntos integrantes de la banda se encontraban los letrados Jaime Alba, Luciano Ortego, Javier Angeletti, Mart\u00edn R\u00edos, Mat\u00edas Aramayo y Luis Francisco Chato \u00c1lvarez, y el ex despachante de aduanas y nexo facilitador de la presunta organizaci\u00f3n,&nbsp;<strong>Diego Alfredo Aliaga<\/strong>&nbsp;(51), quien fue asesinado presuntamente por su socio Diego Barrera en 2020.<\/p>\n\n\n\n<p>Para el fiscal Vega, exist\u00eda una organizaci\u00f3n vertical en la que el magistrado ten\u00eda hombres de confianza, quienes establec\u00edan la conexi\u00f3n entre los presos con ciertos abogados defensores particulares y as\u00ed arreglaba el pago de las coimas.<\/p>\n\n\n\n<p>En ese sentido, los testimonios mencionan pagos de coimas en d\u00f3lares para acceder a ciertos beneficios judiciales.\u00a0<strong>Tambi\u00e9n se sumaron pruebas documentales sobre los movimientos econ\u00f3micos del juez<\/strong>.<\/p>\n\n\n\n<p>Debido a esto, tambi\u00e9n fue procesado por enriquecimiento il\u00edcito y lavado de dinero porque se consider\u00f3 que su nivel de vida no coincid\u00eda con lo que cobraba como magistrado.<\/p>\n\n\n\n<p>En julio del a\u00f1o pasado, comenz\u00f3 a ser juzgado en el Tribunal Oral Federal N\u00ba2. Luego en noviembre, el Jury lo destituy\u00f3 y las magistradas que lideran el proceso oral ordenaron la detenci\u00f3n.<\/p>\n\n\n\n<p>De acuerdo con fuentes del proceso, el debate entrar\u00e1 pr\u00f3ximamente en los alegatos de las partes, los que podr\u00edan continuar luego del receso de feria de enero.<\/p>\n\n\n\n<p><strong>Fuente: www.elsol.com.ar<\/strong><\/p>\n","protected":false},"excerpt":{"rendered":"<p>El Tribunal Oral Federal 2 de Mendoza&nbsp;autoriz\u00f3 al procesado ex juez Walter Bento salir excepcionalmente de la c\u00e1rcel federal de Cacheuta&nbsp;durante tres d\u00edas para atender los cuidados de su esposa y su hijo menor, que es discapacitado. Las magistradas que lideran el juicio oral por hecho de corrupci\u00f3n contra el otrora titular del Juzgado Federal [&hellip;]<\/p>\n","protected":false},"author":2,"featured_media":9570,"comment_status":"open","ping_status":"open","sticky":false,"template":"","format":"standard","meta":[],"categories":[48],"tags":[],"_links":{"self":[{"href":"https:\/\/pasaenmendoza.com\/index.php?rest_route=\/wp\/v2\/posts\/9569"}],"collection":[{"href":"https:\/\/pasaenmendoza.com\/index.php?rest_route=\/wp\/v2\/posts"}],"about":[{"href":"https:\/\/pasaenmendoza.com\/index.php?rest_route=\/wp\/v2\/types\/post"}],"author":[{"embeddable":true,"href":"https:\/\/pasaenmendoza.com\/index.php?rest_route=\/wp\/v2\/users\/2"}],"replies":[{"embeddable":true,"href":"https:\/\/pasaenmendoza.com\/index.php?rest_route=%2Fwp%2Fv2%2Fcomments&post=9569"}],"version-history":[{"count":1,"href":"https:\/\/pasaenmendoza.com\/index.php?rest_route=\/wp\/v2\/posts\/9569\/revisions"}],"predecessor-version":[{"id":9571,"href":"https:\/\/pasaenmendoza.com\/index.php?rest_route=\/wp\/v2\/posts\/9569\/revisions\/9571"}],"wp:featuredmedia":[{"embeddable":true,"href":"https:\/\/pasaenmendoza.com\/index.php?rest_route=\/wp\/v2\/media\/9570"}],"wp:attachment":[{"href":"https:\/\/pasaenmendoza.com\/index.php?rest_route=%2Fwp%2Fv2%2Fmedia&parent=9569"}],"wp:term":[{"taxonomy":"category","embeddable":true,"href":"https:\/\/pasaenmendoza.com\/index.php?rest_route=%2Fwp%2Fv2%2Fcategories&post=9569"},{"taxonomy":"post_tag","embeddable":true,"href":"https:\/\/pasaenmendoza.com\/index.php?rest_route=%2Fwp%2Fv2%2Ftags&post=9569"}],"curies":[{"name":"wp","href":"https:\/\/api.w.org\/{rel}","templated":true}]}}