{"id":9572,"date":"2024-10-16T00:06:08","date_gmt":"2024-10-15T22:06:08","guid":{"rendered":"https:\/\/pasaenmendoza.com\/?p=9572"},"modified":"2024-10-16T00:06:09","modified_gmt":"2024-10-15T22:06:09","slug":"con-el-12-para-obra-publica-cornejo-presenta-el-presupuesto-2025-en-la-legislatura","status":"publish","type":"post","link":"https:\/\/pasaenmendoza.com\/?p=9572","title":{"rendered":"Con el 12% para obra p\u00fablica, Cornejo presenta el Presupuesto 2025 en la Legislatura"},"content":{"rendered":"\n<p>El gobernador\u00a0<strong>Alfredo Cornejo\u00a0<\/strong>enviar\u00e1 el\u00a0<strong>Presupuesto 2025\u00a0<\/strong>a la Legislatura y se prev\u00e9 que el 12% vaya destinado a la obra p\u00fablica, priorizando el plan de proyectos discutido con los intendentes. Es la primera vez que comenzar\u00e1n a devengarse parte de los fondos que proven\u00edan del resarcimiento por la Promoci\u00f3n Industrial y que iban a destinarse a la fallida obra Portezuelo del Viento.<\/p>\n\n\n\n<p>Como ocurri\u00f3 con las \u00faltimas pautas de gasto, se anticip\u00f3 que ser\u00e1 un presupuesto austero, en l\u00ednea con el cuidado de los recursos de las arcas provinciales y tambi\u00e9n con el compromiso de la baja de impuestos, que qued\u00f3 sellado en los \u00faltimos pactos fiscales. Sin embargo, Cornejo volver\u00e1 a plantear la necesidad de&nbsp;<strong>seguir acudiendo a la herramienta del roll over<\/strong>&nbsp;para afrontar deudas.<\/p>\n\n\n\n<p>&#8220;Se van a mantener los dos d\u00edgitos en el porcentaje de la\u00a0<strong>obra p\u00fablica<\/strong>. Va a ubicarse en el 12% para seguir con un umbral de ritmo que genere un impacto en la econom\u00eda local. Hay una bater\u00eda de obras que presentaron los intendentes y que deber\u00e1 priorizar el Gobierno, como es el caso de\u00a0<strong>impermeabilizaci\u00f3n de canales<\/strong>\u00a0y la continuidad de las\u00a0<strong>viviendas sociales<\/strong>, entre otras necesidades&#8221;, dijo una fuente del entorno de Cornejo.<\/p>\n\n\n\n<h2 class=\"wp-block-heading\"><strong>En qu\u00e9 se priorizar\u00e1n los recursos de Portezuelo del Viento<\/strong><\/h2>\n\n\n\n<p>Como ya lo explic\u00f3 el ministro de Hacienda&nbsp;<strong>V\u00edctor Fayad<\/strong>, los fondos que provienen del resarcimiento econ\u00f3mico por la Promoci\u00f3n Industrial que dej\u00f3 en desventaja a Mendoza con respecto a otras provincias de Cuyo se &#8220;bajar\u00e1&#8221; para &#8220;las obras que permitan mejorar la productividad de todas las actividades en&nbsp;<strong>Mendoza<\/strong>, sea el agro, la industria, etc\u00e9tera&#8221;.<\/p>\n\n\n\n<p>&#8220;Estos fondos se van a usar para&nbsp;<strong>infraestructura de base<\/strong>, que es agua, energ\u00eda, eventualmente obras viales, que permitan mejorar la productividad del agro y de la industria. Eso implica que la provincia con su presupuesto destin\u00f3 una parte a este tipo de obras y esto va a empezar a&nbsp;<strong>complementar todos los recursos<\/strong>&nbsp;que tiene la provincia para financiar las otras&#8221;, detall\u00f3 Fayad meses atr\u00e1s.<\/p>\n\n\n\n<p>Hay una fuerte expectativa por parte de los intendentes en\u00a0<strong>conocer cu\u00e1les ser\u00e1n los proyectos que se beneficiar\u00e1n<\/strong>\u00a0y que empujar\u00e1n la econom\u00eda de las comunas, tan golpeadas por la baja en la recaudaci\u00f3n, como sucedi\u00f3 en las cuentas de la provincia, que en ese sentido registraron una ca\u00edda del 14%.<\/p>\n\n\n\n<h2 class=\"wp-block-heading\"><strong>Cornejo insistir\u00e1 en la Legislatura con el roll over<\/strong><\/h2>\n\n\n\n<p>Cornejo anticip\u00f3 que no solicitar\u00e1 nueva deuda, pero s\u00ed que acudir\u00e1 al roll over, herramienta que&nbsp;<strong>sirve para refinanciar cr\u00e9ditos de periodos anteriores<\/strong>.<\/p>\n\n\n\n<p>&#8220;De a poco la oposici\u00f3n va entendiendo que el roll over es una posibilidad de cumplir con los vencimientos sin utilizar los recursos disponibles. Y en los \u00faltimos a\u00f1os nos han permitido usarla.&nbsp;<strong>Hay tasas muy convenientes<\/strong>&nbsp;en el mercado y es una pena no poder aprovecharlas&#8221;, afirm\u00f3 otra voz de la Legislatura.<\/p>\n\n\n\n<p>Durante el a\u00f1o 2025, Mendoza deber\u00e1 cumplir con pagos de deuda por m\u00e1s de\u00a0<strong>128 millones de d\u00f3lares y 49.000 millones de pesos<\/strong>. En d\u00f3lares, del total, 97,8 millones corresponden a pagos de capital y 30,95 millones a intereses, seg\u00fan se\u00f1alaron desde el Gobierno.<\/p>\n\n\n\n<p><strong>Fuente: www.diariouno.com.ar<\/strong><\/p>\n","protected":false},"excerpt":{"rendered":"<p>El gobernador\u00a0Alfredo Cornejo\u00a0enviar\u00e1 el\u00a0Presupuesto 2025\u00a0a la Legislatura y se prev\u00e9 que el 12% vaya destinado a la obra p\u00fablica, priorizando el plan de proyectos discutido con los intendentes. Es la primera vez que comenzar\u00e1n a devengarse parte de los fondos que proven\u00edan del resarcimiento por la Promoci\u00f3n Industrial y que iban a destinarse a la [&hellip;]<\/p>\n","protected":false},"author":2,"featured_media":9573,"comment_status":"open","ping_status":"open","sticky":false,"template":"","format":"standard","meta":[],"categories":[47],"tags":[],"_links":{"self":[{"href":"https:\/\/pasaenmendoza.com\/index.php?rest_route=\/wp\/v2\/posts\/9572"}],"collection":[{"href":"https:\/\/pasaenmendoza.com\/index.php?rest_route=\/wp\/v2\/posts"}],"about":[{"href":"https:\/\/pasaenmendoza.com\/index.php?rest_route=\/wp\/v2\/types\/post"}],"author":[{"embeddable":true,"href":"https:\/\/pasaenmendoza.com\/index.php?rest_route=\/wp\/v2\/users\/2"}],"replies":[{"embeddable":true,"href":"https:\/\/pasaenmendoza.com\/index.php?rest_route=%2Fwp%2Fv2%2Fcomments&post=9572"}],"version-history":[{"count":1,"href":"https:\/\/pasaenmendoza.com\/index.php?rest_route=\/wp\/v2\/posts\/9572\/revisions"}],"predecessor-version":[{"id":9574,"href":"https:\/\/pasaenmendoza.com\/index.php?rest_route=\/wp\/v2\/posts\/9572\/revisions\/9574"}],"wp:featuredmedia":[{"embeddable":true,"href":"https:\/\/pasaenmendoza.com\/index.php?rest_route=\/wp\/v2\/media\/9573"}],"wp:attachment":[{"href":"https:\/\/pasaenmendoza.com\/index.php?rest_route=%2Fwp%2Fv2%2Fmedia&parent=9572"}],"wp:term":[{"taxonomy":"category","embeddable":true,"href":"https:\/\/pasaenmendoza.com\/index.php?rest_route=%2Fwp%2Fv2%2Fcategories&post=9572"},{"taxonomy":"post_tag","embeddable":true,"href":"https:\/\/pasaenmendoza.com\/index.php?rest_route=%2Fwp%2Fv2%2Ftags&post=9572"}],"curies":[{"name":"wp","href":"https:\/\/api.w.org\/{rel}","templated":true}]}}