{"id":9581,"date":"2024-10-16T00:22:01","date_gmt":"2024-10-15T22:22:01","guid":{"rendered":"https:\/\/pasaenmendoza.com\/?p=9581"},"modified":"2024-10-16T00:22:25","modified_gmt":"2024-10-15T22:22:25","slug":"alfredo-cornejo-una-minoria-antiminera-ha-copado-el-sistema-politico-mendocino-e-instalado-temores","status":"publish","type":"post","link":"https:\/\/pasaenmendoza.com\/?p=9581","title":{"rendered":"Alfredo Cornejo: &#8220;Una minor\u00eda antiminera ha copado el sistema pol\u00edtico mendocino e instalado temores&#8221;"},"content":{"rendered":"\n<p>El gobernador&nbsp;<strong>Alfredo Cornejo<\/strong>&nbsp;particip\u00f3 en&nbsp;<strong>San Juan&nbsp;<\/strong>del&nbsp;encuentro regional \u201cDesaf\u00edos y oportunidades de la industria&nbsp;<strong>minera&nbsp;<\/strong>en Argentina. Hacia una estrategia de desarrollo federal&#8221;, donde comparti\u00f3 escenario con la presidenta Fundaci\u00f3n Pensar, Mar\u00eda Eugenia Vidal; y los mandatarios de San Juan, Marcelo Orrego, y de Jujuy, Carlos Sadir. Tambi\u00e9n estuvo presente la vicegobernadora de Mendoza, Hebe Casado.<\/p>\n\n\n\n<p>En el marco de las actividades de integraci\u00f3n federal que lleva adelante la Fundaci\u00f3n Pensar con el auspicio de la Fundaci\u00f3n Konrad Adenauer, este martes se desarroll\u00f3 el segundo encuentro regional en la ciudad de&nbsp;<strong>San Juan<\/strong>. El objetivo fue el debate y an\u00e1lisis de la&nbsp;<strong>miner\u00eda<\/strong> y sus desaf\u00edos y oportunidades para el desarrollo del pa\u00eds.<\/p>\n\n\n\n<p>Durante su exposici\u00f3n,&nbsp;<strong>Cornejo<\/strong>&nbsp;destac\u00f3 la importancia de la&nbsp;<strong>miner\u00eda&nbsp;<\/strong>sostenible en Mendoza y&nbsp;argument\u00f3 que puede ser un motor econ\u00f3mico clave para Argentina al complementar la dependencia del campo. Puntualiz\u00f3 en que la Argentina hace d\u00e9cadas que depende del campo como \u00fanico motor de crecimiento, por lo que toda la macroeconom\u00eda da vuelta alrededor de ese \u00fanico motor. Y&nbsp;asegur\u00f3: \u201cEstamos perdiendo un motor que es realmente importante para la econom\u00eda y que no depende solo de una buena temporada de cosecha, sino que puede darnos sostenibilidad en el tiempo. Es hacer&nbsp;<strong>miner\u00eda<\/strong>\u201d.<\/p>\n\n\n\n<p><strong>Cornejo<\/strong>&nbsp;remarc\u00f3 la falta de seguridad jur\u00eddica y la &#8220;inacci\u00f3n gubernamental de gestiones nacionales anteriores que han retrasado su desarrollo&#8221;.&nbsp;As\u00ed, sostuvo que \u201clos recursos son de las provincias, y algunas se han movido con mayor habilidad, con mayor trabajo que otras, pero lo que le falt\u00f3 a la miner\u00eda argentina ha sido seguridad jur\u00eddica, que con algunos gobiernos nacionales fue imposible\u201d.<\/p>\n\n\n\n<p>Para el gobernador, el caso de&nbsp;<strong>San Juan&nbsp;<\/strong>es un ejemplo, por ser \u201ces el m\u00e1s avanzado en materia de cobre con proyectos muy interesantes de clase mundial y que le pueden dar un vuelco a la econom\u00eda\u201d.<\/p>\n\n\n\n<p><strong>Fuente: www.mdzol.com<\/strong><\/p>\n","protected":false},"excerpt":{"rendered":"<p>El gobernador&nbsp;Alfredo Cornejo&nbsp;particip\u00f3 en&nbsp;San Juan&nbsp;del&nbsp;encuentro regional \u201cDesaf\u00edos y oportunidades de la industria&nbsp;minera&nbsp;en Argentina. Hacia una estrategia de desarrollo federal&#8221;, donde comparti\u00f3 escenario con la presidenta Fundaci\u00f3n Pensar, Mar\u00eda Eugenia Vidal; y los mandatarios de San Juan, Marcelo Orrego, y de Jujuy, Carlos Sadir. Tambi\u00e9n estuvo presente la vicegobernadora de Mendoza, Hebe Casado. En el marco [&hellip;]<\/p>\n","protected":false},"author":2,"featured_media":9582,"comment_status":"open","ping_status":"open","sticky":false,"template":"","format":"standard","meta":[],"categories":[47],"tags":[],"_links":{"self":[{"href":"https:\/\/pasaenmendoza.com\/index.php?rest_route=\/wp\/v2\/posts\/9581"}],"collection":[{"href":"https:\/\/pasaenmendoza.com\/index.php?rest_route=\/wp\/v2\/posts"}],"about":[{"href":"https:\/\/pasaenmendoza.com\/index.php?rest_route=\/wp\/v2\/types\/post"}],"author":[{"embeddable":true,"href":"https:\/\/pasaenmendoza.com\/index.php?rest_route=\/wp\/v2\/users\/2"}],"replies":[{"embeddable":true,"href":"https:\/\/pasaenmendoza.com\/index.php?rest_route=%2Fwp%2Fv2%2Fcomments&post=9581"}],"version-history":[{"count":2,"href":"https:\/\/pasaenmendoza.com\/index.php?rest_route=\/wp\/v2\/posts\/9581\/revisions"}],"predecessor-version":[{"id":9584,"href":"https:\/\/pasaenmendoza.com\/index.php?rest_route=\/wp\/v2\/posts\/9581\/revisions\/9584"}],"wp:featuredmedia":[{"embeddable":true,"href":"https:\/\/pasaenmendoza.com\/index.php?rest_route=\/wp\/v2\/media\/9582"}],"wp:attachment":[{"href":"https:\/\/pasaenmendoza.com\/index.php?rest_route=%2Fwp%2Fv2%2Fmedia&parent=9581"}],"wp:term":[{"taxonomy":"category","embeddable":true,"href":"https:\/\/pasaenmendoza.com\/index.php?rest_route=%2Fwp%2Fv2%2Fcategories&post=9581"},{"taxonomy":"post_tag","embeddable":true,"href":"https:\/\/pasaenmendoza.com\/index.php?rest_route=%2Fwp%2Fv2%2Ftags&post=9581"}],"curies":[{"name":"wp","href":"https:\/\/api.w.org\/{rel}","templated":true}]}}