{"id":9585,"date":"2024-10-16T13:49:36","date_gmt":"2024-10-16T11:49:36","guid":{"rendered":"https:\/\/pasaenmendoza.com\/?p=9585"},"modified":"2024-10-16T13:49:37","modified_gmt":"2024-10-16T11:49:37","slug":"zonda-calor-y-tormentas-asi-estara-el-tiempo-en-mendoza-este-miercoles","status":"publish","type":"post","link":"https:\/\/pasaenmendoza.com\/?p=9585","title":{"rendered":"Zonda, calor y tormentas: as\u00ed estar\u00e1 el tiempo en Mendoza este mi\u00e9rcoles"},"content":{"rendered":"\n<p>Poca nubosidad con ascenso de la temperatura es lo que indica la&nbsp;<strong>Direcci\u00f3n de Contingencias Clim\u00e1ticas<\/strong>&nbsp;para este mi\u00e9rcoles en el Gran Mendoza.&nbsp;<strong>La m\u00ednima ser\u00e1 de 14 grados y la m\u00e1xima de 32.<\/strong><\/p>\n\n\n\n<p>Adem\u00e1s, el\u00a0<strong>Servicio Meteorol\u00f3gico Nacional<\/strong>\u00a0(SMN) emiti\u00f3 alerta por\u00a0<strong>Zonda\u00a0<\/strong>en precordillera, sectores del Valle de Uco y Malarg\u00fce; y\u00a0<strong>tormentas<\/strong>\u00a0en San Rafael y General Alvear hacia la noche. Estable en cordillera.<\/p>\n\n\n\n<p>Para el<strong>\u00a0jueves<\/strong>\u00a0se prev\u00e9: \u201cParcialmente nublado y ventoso con descenso de la temperatura, vientos moderados del sector sur. Tormentas en la madrugada afectando los tres oasis cultivados. Mejorando por la tarde. Estable en cordillera. Ingreso de frente fr\u00edo.<strong>\u00a0La m\u00ednima ser\u00e1 de 17 grados y la m\u00e1xima de 25.<\/strong><\/p>\n\n\n\n<p>En tanto, el<strong>\u00a0viernes<\/strong>\u00a0se pronostica: \u201cPoca nubosidad con ascenso de la temperatura, vientos moderados del noreste. Estable en cordillera\u201d.\u00a0<strong>La m\u00ednima ser\u00e1 de 12 grados y la m\u00e1xima de 30.<\/strong><\/p>\n\n\n\n<p><strong>Fuente: www.elsol.com.ar<\/strong><\/p>\n","protected":false},"excerpt":{"rendered":"<p>Poca nubosidad con ascenso de la temperatura es lo que indica la&nbsp;Direcci\u00f3n de Contingencias Clim\u00e1ticas&nbsp;para este mi\u00e9rcoles en el Gran Mendoza.&nbsp;La m\u00ednima ser\u00e1 de 14 grados y la m\u00e1xima de 32. Adem\u00e1s, el\u00a0Servicio Meteorol\u00f3gico Nacional\u00a0(SMN) emiti\u00f3 alerta por\u00a0Zonda\u00a0en precordillera, sectores del Valle de Uco y Malarg\u00fce; y\u00a0tormentas\u00a0en San Rafael y General Alvear hacia la noche. [&hellip;]<\/p>\n","protected":false},"author":2,"featured_media":9586,"comment_status":"open","ping_status":"open","sticky":false,"template":"","format":"standard","meta":[],"categories":[52],"tags":[],"_links":{"self":[{"href":"https:\/\/pasaenmendoza.com\/index.php?rest_route=\/wp\/v2\/posts\/9585"}],"collection":[{"href":"https:\/\/pasaenmendoza.com\/index.php?rest_route=\/wp\/v2\/posts"}],"about":[{"href":"https:\/\/pasaenmendoza.com\/index.php?rest_route=\/wp\/v2\/types\/post"}],"author":[{"embeddable":true,"href":"https:\/\/pasaenmendoza.com\/index.php?rest_route=\/wp\/v2\/users\/2"}],"replies":[{"embeddable":true,"href":"https:\/\/pasaenmendoza.com\/index.php?rest_route=%2Fwp%2Fv2%2Fcomments&post=9585"}],"version-history":[{"count":1,"href":"https:\/\/pasaenmendoza.com\/index.php?rest_route=\/wp\/v2\/posts\/9585\/revisions"}],"predecessor-version":[{"id":9587,"href":"https:\/\/pasaenmendoza.com\/index.php?rest_route=\/wp\/v2\/posts\/9585\/revisions\/9587"}],"wp:featuredmedia":[{"embeddable":true,"href":"https:\/\/pasaenmendoza.com\/index.php?rest_route=\/wp\/v2\/media\/9586"}],"wp:attachment":[{"href":"https:\/\/pasaenmendoza.com\/index.php?rest_route=%2Fwp%2Fv2%2Fmedia&parent=9585"}],"wp:term":[{"taxonomy":"category","embeddable":true,"href":"https:\/\/pasaenmendoza.com\/index.php?rest_route=%2Fwp%2Fv2%2Fcategories&post=9585"},{"taxonomy":"post_tag","embeddable":true,"href":"https:\/\/pasaenmendoza.com\/index.php?rest_route=%2Fwp%2Fv2%2Ftags&post=9585"}],"curies":[{"name":"wp","href":"https:\/\/api.w.org\/{rel}","templated":true}]}}