{"id":9598,"date":"2024-10-17T00:07:21","date_gmt":"2024-10-16T22:07:21","guid":{"rendered":"https:\/\/pasaenmendoza.com\/?p=9598"},"modified":"2024-10-17T00:07:23","modified_gmt":"2024-10-16T22:07:23","slug":"coro-mendocino-grabo-una-obra-inedita-en-homenaje-a-lionel-messi-y-este-viernes-la-estrenan","status":"publish","type":"post","link":"https:\/\/pasaenmendoza.com\/?p=9598","title":{"rendered":"Coro mendocino grab\u00f3 una obra in\u00e9dita en homenaje a Lionel Messi y este viernes la estrenan"},"content":{"rendered":"\n<p>Un coro mendocino fue elegido para formar parte de la grabaci\u00f3n de\u00a0<strong>una obra coral en homenaje a Lionel Messi<\/strong>, que se realiz\u00f3 en Mendoza con m\u00fasicos orquestales de prestigio internacional y que tendr\u00e1 su estreno mundial este viernes en una emblem\u00e1tica sala en Buenos Aires.<\/p>\n\n\n\n<p>Se trata del&nbsp;<strong>Estudio Vocal Universitario (EVU)<\/strong>, dirigido por el maestro Guido Vacca, que particip\u00f3 en la interpretaci\u00f3n de la obra in\u00e9dita&nbsp;<strong>&#8220;Sinton\u00eda Messi\u00e1nica&#8221;<\/strong>. El concierto para estrenar la pieza se titula &#8220;Concierto para Lionel&#8221; y tendr\u00e1 lugar este viernes 18 en la Usina del Arte, ubicada en el barrio porte\u00f1o de La Boca, un auditorio reconocido por su excepcional ac\u00fastica.<\/p>\n\n\n\n<p>Aunque no lo declaren los organizadores, crecen las expectativas por la presencia del &#8220;10&#8221; de la\u00a0Selecci\u00f3n argentina, en primera fila. Es que este martes Messi bati\u00f3 todos los r\u00e9cords con\u00a0<strong>3 de los 6 goles<\/strong>\u00a0convertidos al equipo de Bolivia en una de las fechas de Eliminatorias, y lo hizo jugando de local en el estadio de River Plate. No est\u00e1 confirmado pero quiz\u00e1s el jugador se quede en el pa\u00eds unos d\u00edas y\u00a0<strong>alcance a asistir al estreno mundial<\/strong>\u00a0de una obra coral en su honor.<\/p>\n\n\n\n<h2 class=\"wp-block-heading\">Una obra que fusiona la pasi\u00f3n del deporte con la emotividad de la m\u00fasica<\/h2>\n\n\n\n<p>Los artistas anticiparon que esta experiencia \u00fanica &#8220;fusiona la pasi\u00f3n del deporte con la emotividad de la m\u00fasica&#8221;. Compuesta para un coro multitudinario y cantada \u00edntegramente en&nbsp;<strong>cocoliche italiano<\/strong>, esta obra coral habla sobre la historia de&nbsp;<strong>un mes\u00edas deportivo<\/strong>&nbsp;que llega para inspirar a trav\u00e9s de los valores del esfuerzo, la ilusi\u00f3n, la dedicaci\u00f3n y la esperanza.<\/p>\n\n\n\n<p>La m\u00fasica evoca &#8220;la emoci\u00f3n de la competencia, la alegr\u00eda del triunfo y la importancia de la perseverancia&#8221;, seg\u00fan sus compositores, quienes agregaron que &#8220;es un esfuerzo puro y desinteresado de un equipo de artistas para inspirar la espera del mes\u00edas, que cada persona lleva en su interior&#8221; y concluyeron: &#8220;Es la est\u00e9tica de la fe&#8221;.<\/p>\n\n\n\n<p>&#8220;Sinton\u00eda Messi\u00e1nica&#8221; fue compuesta por los maestros\u00a0<strong>Ariel Pirotti y Sa\u00fal Zaks<\/strong>, quienes viajaron hasta Mendoza en agosto para grabar aqu\u00ed la obra junto al Estudio Vocal Universitario. Inspirada y con fuerte evocaci\u00f3n al futbolista argentino Lionel Messi, la pieza est\u00e1 escrita en cocoliche e instrumentada para solistas, coro mixto, orquesta de cuerdas, piano y bandone\u00f3n.<\/p>\n\n\n\n<h2 class=\"wp-block-heading\">Coreutas mendocinos, los elegidos para cantarle a Messi<\/h2>\n\n\n\n<p>Al tratarse de la&nbsp;<strong>primera obra a nivel mundial<\/strong>&nbsp;escrita con estos contenidos e interpretada por artistas argentinos, el director del EVU, Guido Vacca, no pudo ocultar su emoci\u00f3n al representar a Mendoza en este evento de trascendencia internacional.<\/p>\n\n\n\n<p>&#8220;Fuimos&nbsp;<strong>el \u00fanico coro de Argentina elegido<\/strong>&nbsp;para la grabaci\u00f3n y la interpretaci\u00f3n de esta obra de estreno mundial, nada m\u00e1s ni nada menos que en la Usina del Arte en Buenos Aires&#8221;, expres\u00f3 Vacca, orgulloso de este nuevo logro que alcanza con su ensamble coral.<\/p>\n\n\n\n<p>Detall\u00f3 que la pieza &#8220;est\u00e1 compuesta en un cocoliche italiano, donde\u00a0<strong>se expresan todas las emociones de lo que significa Messi<\/strong>\u00a0en la jerga popular, digamos&#8221;. El cocoliche italiano &#8220;ser\u00eda como nuestro lunfardo&#8221;, explic\u00f3 Vacca y de &#8220;Sinton\u00eda Messi\u00e1nica&#8221; rescat\u00f3 que fue escrita para coro, para orquesta de cuerdas de tango, bandone\u00f3n y piano.<\/p>\n\n\n\n<p>Adem\u00e1s de la agrupaci\u00f3n coral mendocina -que cuenta con&nbsp;<strong>35 integrantes<\/strong>-, participar\u00e1n de la &#8220;Sinton\u00eda Messi\u00e1nica&#8221; la mezzosoprano Alejandra Malvino; el Tous Ensemble de La Plata, dirigido por Emiliano Linares; el Ensamble Tango XXI; la cantante Ivana Fortunati; Ariel Pirotti en piano y composici\u00f3n y Saul Zaks como autor y director.<\/p>\n\n\n\n<p><strong>El coro mendocino abrir\u00e1 el concierto<\/strong>\u00a0de este viernes en la Usina del Arte con un repertorio propio y luego vendr\u00e1 la premiere mundial de la obra tributo a Messi. &#8220;La obra ha tenido un\u00a0<strong>revuelo internacional<\/strong>\u00a0porque fusiona de modo perfecto la cultura de la m\u00fasica, de la m\u00fasica ciudadana, de la m\u00fasica coral y el deporte&#8221;, manifest\u00f3 el maestro Guido Vacca.<\/p>\n\n\n\n<h2 class=\"wp-block-heading\">Un concierto emblem\u00e1tico en medio de la gira por los 27 a\u00f1os del coro<\/h2>\n\n\n\n<p>El coro EVU est\u00e1 en plena&nbsp;<strong>gira internacional<\/strong>&nbsp;<strong>para celebrar sus 27 a\u00f1os de vida<\/strong>. Ofreci\u00f3 conciertos en diferentes ciudades de Uruguay, como Colonia, y tambi\u00e9n en Mar del Plata antes de pisar el escenario de la Usina del Arte este viernes para estrenar la obra en homenaje al astro del f\u00fatbol mundial, Lionel Messi. Adem\u00e1s de recitales, los coreutas brindan charlas en conservatorios de m\u00fasica en diferentes lugares de nuestro pa\u00eds.<\/p>\n\n\n\n<p><strong>Creo que fuimos elegidos para este obra coral de estreno mundial porque conocen nuestro trabajo y c\u00f3mo nos gusta trabajar y encarar proyectos art\u00edsticos; hemos sido capaces de llegar a responder a este nivel de exigencia.<\/strong><\/p>\n\n\n\n<p>&#8220;Sinton\u00eda Messi\u00e1nica&#8221; se grab\u00f3 en el&nbsp;<strong>auditorio del Colegio de Arquitectos de Mendoza<\/strong>&nbsp;ya que &#8220;se buscaba una sonoridad natural y ese lugar tiene una ac\u00fastica espectacular y adem\u00e1s tiene un piano de cola&#8221;, aport\u00f3 el director del EVU, quien concluy\u00f3 que &#8220;fue una experiencia incre\u00edble, s\u00faper enriquecedora&#8221;.<\/p>\n\n\n\n<p>El formato del &#8220;Concierto para Lionel&#8221; estar\u00e1 basado en\u00a0<strong>obras corales a cappella<\/strong>\u00a0dirigidas por los tres directores participantes: el mendocino Vacca, Ariel Pirotti y Sa\u00fal Zaks.<\/p>\n\n\n\n<p><strong>Fuente: www.diariouno.com.ar<\/strong><\/p>\n","protected":false},"excerpt":{"rendered":"<p>Un coro mendocino fue elegido para formar parte de la grabaci\u00f3n de\u00a0una obra coral en homenaje a Lionel Messi, que se realiz\u00f3 en Mendoza con m\u00fasicos orquestales de prestigio internacional y que tendr\u00e1 su estreno mundial este viernes en una emblem\u00e1tica sala en Buenos Aires. Se trata del&nbsp;Estudio Vocal Universitario (EVU), dirigido por el maestro [&hellip;]<\/p>\n","protected":false},"author":2,"featured_media":9599,"comment_status":"open","ping_status":"open","sticky":false,"template":"","format":"standard","meta":[],"categories":[50],"tags":[],"_links":{"self":[{"href":"https:\/\/pasaenmendoza.com\/index.php?rest_route=\/wp\/v2\/posts\/9598"}],"collection":[{"href":"https:\/\/pasaenmendoza.com\/index.php?rest_route=\/wp\/v2\/posts"}],"about":[{"href":"https:\/\/pasaenmendoza.com\/index.php?rest_route=\/wp\/v2\/types\/post"}],"author":[{"embeddable":true,"href":"https:\/\/pasaenmendoza.com\/index.php?rest_route=\/wp\/v2\/users\/2"}],"replies":[{"embeddable":true,"href":"https:\/\/pasaenmendoza.com\/index.php?rest_route=%2Fwp%2Fv2%2Fcomments&post=9598"}],"version-history":[{"count":1,"href":"https:\/\/pasaenmendoza.com\/index.php?rest_route=\/wp\/v2\/posts\/9598\/revisions"}],"predecessor-version":[{"id":9600,"href":"https:\/\/pasaenmendoza.com\/index.php?rest_route=\/wp\/v2\/posts\/9598\/revisions\/9600"}],"wp:featuredmedia":[{"embeddable":true,"href":"https:\/\/pasaenmendoza.com\/index.php?rest_route=\/wp\/v2\/media\/9599"}],"wp:attachment":[{"href":"https:\/\/pasaenmendoza.com\/index.php?rest_route=%2Fwp%2Fv2%2Fmedia&parent=9598"}],"wp:term":[{"taxonomy":"category","embeddable":true,"href":"https:\/\/pasaenmendoza.com\/index.php?rest_route=%2Fwp%2Fv2%2Fcategories&post=9598"},{"taxonomy":"post_tag","embeddable":true,"href":"https:\/\/pasaenmendoza.com\/index.php?rest_route=%2Fwp%2Fv2%2Ftags&post=9598"}],"curies":[{"name":"wp","href":"https:\/\/api.w.org\/{rel}","templated":true}]}}